{"id":9010,"date":"2019-02-17T15:03:02","date_gmt":"2019-02-17T14:03:02","guid":{"rendered":"https:\/\/dezernat-zukunft.org\/?p=9010"},"modified":"2024-01-02T12:05:05","modified_gmt":"2024-01-02T11:05:05","slug":"was-wir-lesen-februar-2019","status":"publish","type":"post","link":"https:\/\/dezernatzukunft.org\/en\/was-wir-lesen-februar-2019\/","title":{"rendered":"Was wir lesen &#8211; Februar 2019"},"content":{"rendered":"\n<p style=\"font-size:12px\"><strong><a href=\"mailto:info@dezernatzukunft.org\" data-type=\"mailto\" data-id=\"mailto:info@dezernatzukunft.org\">DEZERNAT ZUKUNFT<\/a><\/strong><\/p>\n\n\n\n<p>Dieses Mal mit Reservew\u00e4hrungen und deren Nebenwirkungen, der nicht katastrophalen Natur von Staatsschulden, einer spannenden Initiative auf der anderen Seite des Atlantiks, sowie Erkenntnissen zur Einkommensungleichheit.<\/p>\n\n\n\n<ul class=\"wp-block-list\"><li>Anl\u00e4sslich des 20-j\u00e4hrigen Bestehens des Euros <a href=\"https:\/\/www.ecb.europa.eu\/press\/key\/date\/2019\/html\/ecb.sp190215~15c89d887b.en.html\">reflektiert EZB-Direktoriumsmitglied Beno\u00eet C\u0153ur\u00e9 dessen globale Stellung<\/a>. Wie er zeigt, ist die globale Rolle des Euros seit Mitte der 2000er r\u00fcckl\u00e4ufig: Die Nutzung des Euros f\u00fcr die Ausgabe von Anleihen, Krediten, internationale Bankeinlagen, Devisenzahlungen und W\u00e4hrungsreserven nimmt ab. Diesen Trend f\u00fchrt C\u0153ur\u00e9 vor allem auf Schw\u00e4chen des institutionellen Designs der EU zur\u00fcck. Neben unzureichender Stabilit\u00e4t und geringer Tiefe der europ\u00e4ischen Finanzm\u00e4rkte nennt er auch explizit die Abwesenheit einer geeinten europ\u00e4ischen Stimme in internationalen Angelegenheiten, inklusive nationaler Sicherheit. Somit k\u00f6nnte eine Reform und St\u00e4rkung der EU und des Euroraums den Nebeneffekt einer gestiegenen internationalen Rolle des Euro mit sich bringen. Dies w\u00fcrde aber auch eine gr\u00f6\u00dfere internationale Rolle der EZB in der Bereitstellung von Liquidit\u00e4t und damit als Lender of Last Resort bedeuten. Daraus folgert C\u0153ur\u00e9, dass die richtigen Reformen einen dreifachen Effekt haben k\u00f6nnten: (1) Ein robusterer Euroraum, (2) eine st\u00e4rkere globale Rolle des Euros und (3) eine effektivere aber auch mit gr\u00f6\u00dferer globaler Verantwortung betraute Geldpolitik.<\/li><li>Passend dazu beschreibt Credit Suisses Zoltan Pozsar in der <a href=\"https:\/\/www.dropbox.com\/s\/gg1e8ookrfd7st3\/csfb%20GMN20.pdf?dl=0\">20. Ausgabe seiner Global Money Notes mit dem Titel \u201eLost in Transmission\u201c<\/a> wie kompliziert das Management einer globalen Reservew\u00e4hrung sein kann: Entgegen der Erwartungen f\u00fchrt die Anhebung der US Leitzinsen nicht zu einer gr\u00f6\u00dferen Nachfrage nach US Treasuries von ausl\u00e4ndischen K\u00e4ufern (die in der Vergangenheit zus\u00e4tzlich verf\u00fcgbare US Treasuries aufgekauft haben). Das zwingt Pozsars Einsch\u00e4tzung nach die Fed aktiv Treasury Bills (kurzfristige Staatsanleihen) zu kaufen, damit es weiterhin ausreichend K\u00e4ufer f\u00fcr 10-j\u00e4hrige US Treasuries gibt. &nbsp;<\/li><li>Die Schleife zum monet\u00e4r fiskalen Produkt bindet Olivier Blanchard mit seinem <a href=\"https:\/\/web.archive.org\/web\/20220901050236\/https:\/\/www.piie.com\/system\/files\/documents\/pb19-2.pdf\">Policy Brief zu \u00f6ffentlichen Schulden<\/a>, der auf seine vielbeachtete Rede beim j\u00e4hrlichen Treffen der American Economic Association folgt (<a href=\"https:\/\/web.archive.org\/web\/20230602024759\/https:\/\/www.piie.com\/newsroom\/short-videos\/olivier-blanchard-benefits-and-costs-public-debt\">Videoaufnahme der Rede<\/a>). Blanchard argumentiert, dass solange reale Zinsen geringer sind als das Wachstum des BIPs, \u00f6ffentliche Schulden keine Kosten haben (Kosten definiert er als die Notwendigkeit h\u00f6here Steuern zu erheben): Solange das BIP schneller w\u00e4chst als die Schulden, f\u00e4llt die Schuldenquote (Schulden\/BIP) automatisch. Dar\u00fcber hinaus h\u00e4lt er das Verh\u00e4ltnis zwischen den Kosten des Schuldendiensts und des BIP f\u00fcr die relevante Messgr\u00f6\u00dfe, nicht Schuldenquoten. Blanchard, ehemaliger IWF Volkswirt, ist jedoch auch sehr explizit darin, dass er hier keine Lizenz zur endlosen Verschuldung ausstellt. Stattdessen votiert er f\u00fcr Verschuldung der richtigen Art.&nbsp; &nbsp;&nbsp;<\/li><li>Eine Plattform die man in Zukunft im Auge behalten sollte sind die <a href=\"https:\/\/econfip.org\/\">Economists for Inclusive Prosperity<\/a> (EfIP). Hierbei handelt es sich um einen Zusammenschluss aus \u00d6konomInnen, vornehmlich von US-Eliteuniversit\u00e4ten, die es sich zum Ziel gesetzt haben, einen Beitrag zur Bew\u00e4ltigung von wirtschaftlichen, gesellschaftlichen und sozialen Herausforderungen zu leisten. Ihre eigene Vorstellung findet sich <a href=\"http:\/\/bostonreview.net\/class-inequality\/suresh-naidu-dani-rodrik-gabriel-zucman-economics-after-neoliberalism\">hier<\/a>. In bisher zehn <em>policy briefs<\/em> widmen sie sich zudem Themen wie z. B. <a href=\"https:\/\/econfip.org\/policy-brief\/towards-a-better-financial-system\/\">einer Reform des Finanzsystems<\/a> oder der <a href=\"https:\/\/econfip.org\/policy-brief\/taxing-multinational-corporations-in-the-21st-century\/\">Besteuerung multinationaler Unternehmen<\/a>. Besonders interessant fanden wir das Briefing zu <a href=\"https:\/\/econfip.org\/wp-content\/uploads\/2019\/02\/7.How-to-think-about-finance.pdf\">How to think about finance<\/a>, das einen Zusammenhang zwischen zunehmender Verm\u00f6genskonzentration und ansteigender Verschuldung herstellt (sehr verk\u00fcrzt dargestellt: Das Geld, das bei den Top 1% landet, kehrt in Form von Krediten in den Wirtschaftskreislauf zur\u00fcck). Der akademische Hintergrund der Autoren ist nicht zu verkennen, nichtsdestotrotz adressieren die <em>policy briefs<\/em> relevante Problemstellungen und liefern zumindest diskussionsw\u00fcrdige L\u00f6sungsans\u00e4tze. Ihrem anf\u00e4nglichen Versprechen, dass \u00d6konomen noch Anregungen f\u00fcr den Politikprozess liefern k\u00f6nnen, kommen sie somit durchaus nach und man kann auf zuk\u00fcnftige Inhalte gespannt sein.<\/li><li><a href=\"https:\/\/oecdecoscope.blog\/2019\/02\/14\/income-redistribution-across-oecd-countries-main-findings-and-policy-implications\/\">Eine Studie der OECD<\/a> liefert Erkenntnisse und Hintergr\u00fcnde zu steigender Einkommensungleichheit in OECD-L\u00e4ndern seit den 90er Jahren. Es werden insbesondere Reformen identifiziert, die mit der gebremsten Umverteilung zusammenh\u00e4ngen, wie z. B. die Reduktion von Sozialhilfe, Spitzensteuers\u00e4tzen und Kapitalertragssteuers\u00e4tzen. Dies zeigt auch, dass der zwar positive Besch\u00e4ftigungseffekt dieser Reformen nicht die erlittenen Umverteilungsverluste auffangen konnte.&nbsp;<\/li><\/ul>\n","protected":false},"excerpt":{"rendered":"<p>DEZERNAT ZUKUNFT Dieses Mal mit Reservew\u00e4hrungen und deren Nebenwirkungen, der nicht katastrophalen Natur von Staatsschulden, einer spannenden Initiative auf der anderen Seite des Atlantiks, sowie Erkenntnissen zur Einkommensungleichheit. Anl\u00e4sslich des 20-j\u00e4hrigen Bestehens des Euros reflektiert EZB-Direktoriumsmitglied Beno\u00eet C\u0153ur\u00e9 dessen globale Stellung. Wie er zeigt, ist die globale Rolle des Euros seit Mitte der 2000er r\u00fcckl\u00e4ufig: Die Nutzung des Euros f\u00fcr &#8230; <a href=\"https:\/\/dezernatzukunft.org\/en\/was-wir-lesen-februar-2019\/\" class=\"more-link\">Read More<\/a><\/p>\n","protected":false},"author":42,"featured_media":71452,"comment_status":"closed","ping_status":"closed","sticky":false,"template":"","format":"standard","meta":{"_acf_changed":false,"footnotes":"","_links_to":"","_links_to_target":""},"categories":[192],"tags":[55,60,185],"class_list":["post-9010","post","type-post","status-publish","format-standard","has-post-thumbnail","hentry","category-archive","tag-fiscal-policy","tag-monetary-policy","tag-social-policy"],"acf":[],"yoast_head":"<!-- This site is optimized with the Yoast SEO plugin v26.8 - https:\/\/yoast.com\/product\/yoast-seo-wordpress\/ -->\n<title>Was wir lesen - Februar 2019 - Dezernat Zukunft<\/title>\n<meta name=\"description\" content=\"Institut f\u00fcr Makrofinanzen\" \/>\n<meta name=\"robots\" content=\"index, follow, max-snippet:-1, max-image-preview:large, max-video-preview:-1\" \/>\n<link rel=\"canonical\" href=\"https:\/\/dezernatzukunft.org\/en\/was-wir-lesen-februar-2019\/\" \/>\n<meta property=\"og:locale\" content=\"en_US\" \/>\n<meta property=\"og:type\" content=\"article\" \/>\n<meta property=\"og:title\" content=\"Was wir lesen - Februar 2019 - Dezernat Zukunft\" \/>\n<meta property=\"og:description\" content=\"Institut f\u00fcr Makrofinanzen\" \/>\n<meta property=\"og:url\" content=\"https:\/\/dezernatzukunft.org\/en\/was-wir-lesen-februar-2019\/\" \/>\n<meta property=\"og:site_name\" content=\"Dezernat Zukunft\" \/>\n<meta property=\"article:published_time\" content=\"2019-02-17T14:03:02+00:00\" \/>\n<meta property=\"article:modified_time\" content=\"2024-01-02T11:05:05+00:00\" \/>\n<meta property=\"og:image\" content=\"https:\/\/dezernatzukunft.org\/wp-content\/uploads\/2018\/12\/Was-wir-lesen-5.png\" \/>\n\t<meta property=\"og:image:width\" content=\"1600\" \/>\n\t<meta property=\"og:image:height\" content=\"933\" \/>\n\t<meta property=\"og:image:type\" content=\"image\/png\" \/>\n<meta name=\"author\" content=\"Dezernat Zukunft\" \/>\n<meta name=\"twitter:card\" content=\"summary_large_image\" \/>\n<meta name=\"twitter:creator\" content=\"@DezernatZ\" \/>\n<meta name=\"twitter:site\" content=\"@DezernatZ\" \/>\n<meta name=\"twitter:label1\" content=\"Written by\" \/>\n\t<meta name=\"twitter:data1\" content=\"Dezernat Zukunft\" \/>\n\t<meta name=\"twitter:label2\" content=\"Est. reading time\" \/>\n\t<meta name=\"twitter:data2\" content=\"4 minutes\" \/>\n<script type=\"application\/ld+json\" class=\"yoast-schema-graph\">{\"@context\":\"https:\/\/schema.org\",\"@graph\":[{\"@type\":\"Article\",\"@id\":\"https:\/\/dezernatzukunft.org\/en\/was-wir-lesen-februar-2019\/#article\",\"isPartOf\":{\"@id\":\"https:\/\/dezernatzukunft.org\/en\/was-wir-lesen-februar-2019\/\"},\"author\":{\"name\":\"Dezernat Zukunft\",\"@id\":\"https:\/\/dezernatzukunft.org\/#\/schema\/person\/8632c473e2d4ac34878a760c537635dd\"},\"headline\":\"Was wir lesen &#8211; Februar 2019\",\"datePublished\":\"2019-02-17T14:03:02+00:00\",\"dateModified\":\"2024-01-02T11:05:05+00:00\",\"mainEntityOfPage\":{\"@id\":\"https:\/\/dezernatzukunft.org\/en\/was-wir-lesen-februar-2019\/\"},\"wordCount\":685,\"publisher\":{\"@id\":\"https:\/\/dezernatzukunft.org\/#organization\"},\"image\":{\"@id\":\"https:\/\/dezernatzukunft.org\/en\/was-wir-lesen-februar-2019\/#primaryimage\"},\"thumbnailUrl\":\"https:\/\/dezernatzukunft.org\/wp-content\/uploads\/2018\/12\/Was-wir-lesen-5.png\",\"keywords\":[\"Fiscal Policy\",\"Monetary Policy\",\"Social policy\"],\"articleSection\":[\"Archive\"],\"inLanguage\":\"en-US\"},{\"@type\":\"WebPage\",\"@id\":\"https:\/\/dezernatzukunft.org\/en\/was-wir-lesen-februar-2019\/\",\"url\":\"https:\/\/dezernatzukunft.org\/en\/was-wir-lesen-februar-2019\/\",\"name\":\"Was wir lesen - Februar 2019 - Dezernat Zukunft\",\"isPartOf\":{\"@id\":\"https:\/\/dezernatzukunft.org\/#website\"},\"primaryImageOfPage\":{\"@id\":\"https:\/\/dezernatzukunft.org\/en\/was-wir-lesen-februar-2019\/#primaryimage\"},\"image\":{\"@id\":\"https:\/\/dezernatzukunft.org\/en\/was-wir-lesen-februar-2019\/#primaryimage\"},\"thumbnailUrl\":\"https:\/\/dezernatzukunft.org\/wp-content\/uploads\/2018\/12\/Was-wir-lesen-5.png\",\"datePublished\":\"2019-02-17T14:03:02+00:00\",\"dateModified\":\"2024-01-02T11:05:05+00:00\",\"description\":\"Institut f\u00fcr Makrofinanzen\",\"breadcrumb\":{\"@id\":\"https:\/\/dezernatzukunft.org\/en\/was-wir-lesen-februar-2019\/#breadcrumb\"},\"inLanguage\":\"en-US\",\"potentialAction\":[{\"@type\":\"ReadAction\",\"target\":[\"https:\/\/dezernatzukunft.org\/en\/was-wir-lesen-februar-2019\/\"]}]},{\"@type\":\"ImageObject\",\"inLanguage\":\"en-US\",\"@id\":\"https:\/\/dezernatzukunft.org\/en\/was-wir-lesen-februar-2019\/#primaryimage\",\"url\":\"https:\/\/dezernatzukunft.org\/wp-content\/uploads\/2018\/12\/Was-wir-lesen-5.png\",\"contentUrl\":\"https:\/\/dezernatzukunft.org\/wp-content\/uploads\/2018\/12\/Was-wir-lesen-5.png\",\"width\":1600,\"height\":933},{\"@type\":\"BreadcrumbList\",\"@id\":\"https:\/\/dezernatzukunft.org\/en\/was-wir-lesen-februar-2019\/#breadcrumb\",\"itemListElement\":[{\"@type\":\"ListItem\",\"position\":1,\"name\":\"Home\",\"item\":\"https:\/\/dezernatzukunft.org\/en\/home_en\/\"},{\"@type\":\"ListItem\",\"position\":2,\"name\":\"Was wir lesen &#8211; Februar 2019\"}]},{\"@type\":\"WebSite\",\"@id\":\"https:\/\/dezernatzukunft.org\/#website\",\"url\":\"https:\/\/dezernatzukunft.org\/\",\"name\":\"Dezernat Zukunft\",\"description\":\"Institut f\u00fcr Makrofinanzen\",\"publisher\":{\"@id\":\"https:\/\/dezernatzukunft.org\/#organization\"},\"potentialAction\":[{\"@type\":\"SearchAction\",\"target\":{\"@type\":\"EntryPoint\",\"urlTemplate\":\"https:\/\/dezernatzukunft.org\/?s={search_term_string}\"},\"query-input\":{\"@type\":\"PropertyValueSpecification\",\"valueRequired\":true,\"valueName\":\"search_term_string\"}}],\"inLanguage\":\"en-US\"},{\"@type\":\"Organization\",\"@id\":\"https:\/\/dezernatzukunft.org\/#organization\",\"name\":\"Dezernat Zukunft\",\"url\":\"https:\/\/dezernatzukunft.org\/\",\"logo\":{\"@type\":\"ImageObject\",\"inLanguage\":\"en-US\",\"@id\":\"https:\/\/dezernatzukunft.org\/#\/schema\/logo\/image\/\",\"url\":\"https:\/\/dezernatzukunft.org\/wp-content\/uploads\/2022\/05\/Dezernat_Zukunft-01_Zeichenfla\u0308che-1.png\",\"contentUrl\":\"https:\/\/dezernatzukunft.org\/wp-content\/uploads\/2022\/05\/Dezernat_Zukunft-01_Zeichenfla\u0308che-1.png\",\"width\":966,\"height\":167,\"caption\":\"Dezernat Zukunft\"},\"image\":{\"@id\":\"https:\/\/dezernatzukunft.org\/#\/schema\/logo\/image\/\"},\"sameAs\":[\"https:\/\/x.com\/DezernatZ\"]},{\"@type\":\"Person\",\"@id\":\"https:\/\/dezernatzukunft.org\/#\/schema\/person\/8632c473e2d4ac34878a760c537635dd\",\"name\":\"Dezernat Zukunft\",\"url\":\"https:\/\/dezernatzukunft.org\/en\/author\/dzautorinnen\/\"}]}<\/script>\n<!-- \/ Yoast SEO plugin. -->","yoast_head_json":{"title":"Was wir lesen - Februar 2019 - Dezernat Zukunft","description":"Institut f\u00fcr Makrofinanzen","robots":{"index":"index","follow":"follow","max-snippet":"max-snippet:-1","max-image-preview":"max-image-preview:large","max-video-preview":"max-video-preview:-1"},"canonical":"https:\/\/dezernatzukunft.org\/en\/was-wir-lesen-februar-2019\/","og_locale":"en_US","og_type":"article","og_title":"Was wir lesen - Februar 2019 - Dezernat Zukunft","og_description":"Institut f\u00fcr Makrofinanzen","og_url":"https:\/\/dezernatzukunft.org\/en\/was-wir-lesen-februar-2019\/","og_site_name":"Dezernat Zukunft","article_published_time":"2019-02-17T14:03:02+00:00","article_modified_time":"2024-01-02T11:05:05+00:00","og_image":[{"width":1600,"height":933,"url":"https:\/\/dezernatzukunft.org\/wp-content\/uploads\/2018\/12\/Was-wir-lesen-5.png","type":"image\/png"}],"author":"Dezernat Zukunft","twitter_card":"summary_large_image","twitter_creator":"@DezernatZ","twitter_site":"@DezernatZ","twitter_misc":{"Written by":"Dezernat Zukunft","Est. reading time":"4 minutes"},"schema":{"@context":"https:\/\/schema.org","@graph":[{"@type":"Article","@id":"https:\/\/dezernatzukunft.org\/en\/was-wir-lesen-februar-2019\/#article","isPartOf":{"@id":"https:\/\/dezernatzukunft.org\/en\/was-wir-lesen-februar-2019\/"},"author":{"name":"Dezernat Zukunft","@id":"https:\/\/dezernatzukunft.org\/#\/schema\/person\/8632c473e2d4ac34878a760c537635dd"},"headline":"Was wir lesen &#8211; Februar 2019","datePublished":"2019-02-17T14:03:02+00:00","dateModified":"2024-01-02T11:05:05+00:00","mainEntityOfPage":{"@id":"https:\/\/dezernatzukunft.org\/en\/was-wir-lesen-februar-2019\/"},"wordCount":685,"publisher":{"@id":"https:\/\/dezernatzukunft.org\/#organization"},"image":{"@id":"https:\/\/dezernatzukunft.org\/en\/was-wir-lesen-februar-2019\/#primaryimage"},"thumbnailUrl":"https:\/\/dezernatzukunft.org\/wp-content\/uploads\/2018\/12\/Was-wir-lesen-5.png","keywords":["Fiscal Policy","Monetary Policy","Social policy"],"articleSection":["Archive"],"inLanguage":"en-US"},{"@type":"WebPage","@id":"https:\/\/dezernatzukunft.org\/en\/was-wir-lesen-februar-2019\/","url":"https:\/\/dezernatzukunft.org\/en\/was-wir-lesen-februar-2019\/","name":"Was wir lesen - Februar 2019 - Dezernat Zukunft","isPartOf":{"@id":"https:\/\/dezernatzukunft.org\/#website"},"primaryImageOfPage":{"@id":"https:\/\/dezernatzukunft.org\/en\/was-wir-lesen-februar-2019\/#primaryimage"},"image":{"@id":"https:\/\/dezernatzukunft.org\/en\/was-wir-lesen-februar-2019\/#primaryimage"},"thumbnailUrl":"https:\/\/dezernatzukunft.org\/wp-content\/uploads\/2018\/12\/Was-wir-lesen-5.png","datePublished":"2019-02-17T14:03:02+00:00","dateModified":"2024-01-02T11:05:05+00:00","description":"Institut f\u00fcr Makrofinanzen","breadcrumb":{"@id":"https:\/\/dezernatzukunft.org\/en\/was-wir-lesen-februar-2019\/#breadcrumb"},"inLanguage":"en-US","potentialAction":[{"@type":"ReadAction","target":["https:\/\/dezernatzukunft.org\/en\/was-wir-lesen-februar-2019\/"]}]},{"@type":"ImageObject","inLanguage":"en-US","@id":"https:\/\/dezernatzukunft.org\/en\/was-wir-lesen-februar-2019\/#primaryimage","url":"https:\/\/dezernatzukunft.org\/wp-content\/uploads\/2018\/12\/Was-wir-lesen-5.png","contentUrl":"https:\/\/dezernatzukunft.org\/wp-content\/uploads\/2018\/12\/Was-wir-lesen-5.png","width":1600,"height":933},{"@type":"BreadcrumbList","@id":"https:\/\/dezernatzukunft.org\/en\/was-wir-lesen-februar-2019\/#breadcrumb","itemListElement":[{"@type":"ListItem","position":1,"name":"Home","item":"https:\/\/dezernatzukunft.org\/en\/home_en\/"},{"@type":"ListItem","position":2,"name":"Was wir lesen &#8211; Februar 2019"}]},{"@type":"WebSite","@id":"https:\/\/dezernatzukunft.org\/#website","url":"https:\/\/dezernatzukunft.org\/","name":"Dezernat Zukunft","description":"Institut f\u00fcr Makrofinanzen","publisher":{"@id":"https:\/\/dezernatzukunft.org\/#organization"},"potentialAction":[{"@type":"SearchAction","target":{"@type":"EntryPoint","urlTemplate":"https:\/\/dezernatzukunft.org\/?s={search_term_string}"},"query-input":{"@type":"PropertyValueSpecification","valueRequired":true,"valueName":"search_term_string"}}],"inLanguage":"en-US"},{"@type":"Organization","@id":"https:\/\/dezernatzukunft.org\/#organization","name":"Dezernat Zukunft","url":"https:\/\/dezernatzukunft.org\/","logo":{"@type":"ImageObject","inLanguage":"en-US","@id":"https:\/\/dezernatzukunft.org\/#\/schema\/logo\/image\/","url":"https:\/\/dezernatzukunft.org\/wp-content\/uploads\/2022\/05\/Dezernat_Zukunft-01_Zeichenfla\u0308che-1.png","contentUrl":"https:\/\/dezernatzukunft.org\/wp-content\/uploads\/2022\/05\/Dezernat_Zukunft-01_Zeichenfla\u0308che-1.png","width":966,"height":167,"caption":"Dezernat Zukunft"},"image":{"@id":"https:\/\/dezernatzukunft.org\/#\/schema\/logo\/image\/"},"sameAs":["https:\/\/x.com\/DezernatZ"]},{"@type":"Person","@id":"https:\/\/dezernatzukunft.org\/#\/schema\/person\/8632c473e2d4ac34878a760c537635dd","name":"Dezernat Zukunft","url":"https:\/\/dezernatzukunft.org\/en\/author\/dzautorinnen\/"}]}},"_links":{"self":[{"href":"https:\/\/dezernatzukunft.org\/en\/wp-json\/wp\/v2\/posts\/9010","targetHints":{"allow":["GET"]}}],"collection":[{"href":"https:\/\/dezernatzukunft.org\/en\/wp-json\/wp\/v2\/posts"}],"about":[{"href":"https:\/\/dezernatzukunft.org\/en\/wp-json\/wp\/v2\/types\/post"}],"author":[{"embeddable":true,"href":"https:\/\/dezernatzukunft.org\/en\/wp-json\/wp\/v2\/users\/42"}],"replies":[{"embeddable":true,"href":"https:\/\/dezernatzukunft.org\/en\/wp-json\/wp\/v2\/comments?post=9010"}],"version-history":[{"count":3,"href":"https:\/\/dezernatzukunft.org\/en\/wp-json\/wp\/v2\/posts\/9010\/revisions"}],"predecessor-version":[{"id":72690,"href":"https:\/\/dezernatzukunft.org\/en\/wp-json\/wp\/v2\/posts\/9010\/revisions\/72690"}],"wp:featuredmedia":[{"embeddable":true,"href":"https:\/\/dezernatzukunft.org\/en\/wp-json\/wp\/v2\/media\/71452"}],"wp:attachment":[{"href":"https:\/\/dezernatzukunft.org\/en\/wp-json\/wp\/v2\/media?parent=9010"}],"wp:term":[{"taxonomy":"category","embeddable":true,"href":"https:\/\/dezernatzukunft.org\/en\/wp-json\/wp\/v2\/categories?post=9010"},{"taxonomy":"post_tag","embeddable":true,"href":"https:\/\/dezernatzukunft.org\/en\/wp-json\/wp\/v2\/tags?post=9010"}],"curies":[{"name":"wp","href":"https:\/\/api.w.org\/{rel}","templated":true}]}}