{"id":8682,"date":"2021-09-23T16:00:00","date_gmt":"2021-09-23T14:00:00","guid":{"rendered":"https:\/\/dezernat-zukunft.org\/?p=8682"},"modified":"2024-12-19T17:20:00","modified_gmt":"2024-12-19T16:20:00","slug":"berlin-calling-unser-newsletter-zur-bundestagswahl","status":"publish","type":"post","link":"https:\/\/dezernatzukunft.org\/en\/berlin-calling-unser-newsletter-zur-bundestagswahl\/","title":{"rendered":"Berlin Calling \u2013 Unser Newsletter zur Bundestagswahl"},"content":{"rendered":"\n<p class=\"has-normal-font-size\"><strong><a href=\"mailto:florian.kern@dezernatzukunft.org\">Florian Kern<\/a><\/strong><\/p>\n\n\n<div class=\"thn_post_wrap\">\n<p>Wie oft kurz vor Wahlen der Fall, war die Politik in den letzten Tagen besonders kreativ in ihren Vorschl\u00e4gen. Ein Lieblingsthema diesmal: Die Inflation. <a href=\"https:\/\/www.bild.de\/politik\/inland\/politik-inland\/inflation-christian-lindner-will-inflations-bremse-einfuehren-77642650.bild.html\">Christian Lindner<\/a> sprach sich &#8211; kurz nachdem er sich f\u00fcr eine Klimapolitik ausgesprochen hatte, die vor allem auf steigende CO2-Preise setzt &#8211; daf\u00fcr aus, dass jede staatlich bedingte Verteuerung des Alltags an anderer Stelle kompensiert werden m\u00fcsse. Nach dem Motto: Wo es Inflation gibt, muss es auch Deflation geben! Auch die Union meldete sich in der Debatte zu Wort und forderte einen <a href=\"https:\/\/www.cdu.de\/artikel\/solide-finanzen-starke-wirtschaft-wohlstand-fuer-alle\">Inflationsschutzschirm<\/a> in Form von automatisch mit der Inflation atmenden Steuerfreibetr\u00e4gen und <a href=\"https:\/\/www.t-online.de\/finanzen\/news\/unternehmen-verbraucher\/id_90836572\/markus-soeder-will-inflationsbremse-gesetzlich-vorschreiben.html\">Markus S\u00f6der<\/a> forderte die Europ\u00e4ischen Zentralbank zum Handeln auf. stellte jedoch auch fest, dass die Angst vor Inflation in Deutschland zur\u00fcckgeht und da wir Angst (nicht Wachsamkeit!) auch <a href=\"http:\/\/www.dezernatzukunft.de\/inflationsrate-in-deutschland-bei-38-ist-die-preisstabilitaet-in-gefahr\/\">f\u00fcr \u00fcbertrieben halten<\/a>, begr\u00fc\u00dfen wir diese Entwicklung.<\/p>\n<p>Ein nuancierterer Zugang findet sich in den soeben ver\u00f6ffentlichten <a href=\"https:\/\/www.ecb.europa.eu\/pub\/html\/strategy_review.en.html\">Papieren<\/a> der Europ\u00e4ischen Zentralbank, die in die kritische Betrachtung ihrer geldpolitischen Strategie miteingeflossen sind. Von besonderem Interesse f\u00fcr uns, auch im Hinblick auf die Bundestagswahl, ist das <a href=\"https:\/\/www.ecb.europa.eu\/pub\/pdf\/scpops\/ecb.op273~fae24ce432.en.pdf\">Papier<\/a> zum Verh\u00e4ltnis zwischen Geldpolitik und Fiskalpolitik. Koordination zwischen Geldpolitik und Fiskalpolitik steht mancherorts unter Generalverdacht. Aus unserer Sicht zu Unrecht: \u201cUnabh\u00e4ngig zu sein bedeutet nicht, unorganisiert zu sein. Die Tatsache, dass die Zentralbank unabh\u00e4ngig ein Inflationsziel verfolgt, bedeutet nicht, dass Geldpolitik und sonstige Wirtschaftspolitik, auch die Fiskalpolitik, unkorreliert w\u00e4ren.\u201d Das erkl\u00e4rte Bank of England Pr\u00e4sident Bailey in einer <a href=\"https:\/\/www.bankofengland.co.uk\/speech\/2021\/february\/andrew-bailey-lse-event-german-symposium\">Rede<\/a> im Februar 2021. Vor diesem Hintergrund ist es auch f\u00fcr die EZB sinnvoll, das wirtschaftspolitische Umfeld um sie herum zu analysieren und abzusch\u00e4tzen, welcher Effekt auf Preisstabilit\u00e4t von wirtschaftspolitischen Entscheidungen ausgeht.<\/p>\n<p>Dieser Maxime folgend gew\u00e4hrt die EZB durchaus spannende Einblicke. Drei davon m\u00f6chten wir hier gerne vorstellen:<\/p>\n<p><strong>A)<\/strong> Wenn die Zinsen bei null liegen, wirken zus\u00e4tzliche \u00f6ffentliche Ausgaben deutlich positiver auf das Wirtschaftswachstum als bei. Das hat folgenden Grund: In einer voll ausgelasteten Wirtschaft, in der die Zentralbank die Zinsen nicht auf null senken muss, f\u00fchren zus\u00e4tzliche Ausgaben vom Staat dazu, dass die Preise steigen. Um dem entgegenzuwirken, zieht die Zentralbank die Zinsen an. Das verteuert private Investitionen und bremst die Wirtschaft.<\/p>\n<p>In einem Nullzinsumfeld sieht es anders aus: Steigert der Staat in einer unterausgelasteten Wirtschaft, die die Zentralbank versucht mit niedrigen Zinsen anzukurbeln, \u00f6ffentliche Investitionen, beginnen zwar die Preise zu steigen. Die Zentralbank erh\u00f6ht die Zinsen aber erstmal nicht, da sie ihr Inflationsziel noch nicht erreicht hat. Das f\u00fchrt zu fallenden Realzinsen (Zinsen minus Inflation). Die Finanzierungskosten f\u00fcr private Investitionen fallen, letztere werden attraktiver.<a href=\"#_ftn1\" name=\"_ftnref1\"><sup>[1]<\/sup><\/a><\/p>\n<p><strong>B)<\/strong> Antizyklische Fiskalpolitik -also eine, die im Abschwung mit einem Defizit gegensteuert und im Aufschwung spart- ist umso effizienter, je st\u00e4rker sie die Einkommen derer erh\u00f6ht, die eine h\u00f6here Konsumquote haben.<a href=\"#_ftn2\" name=\"_ftnref2\"><sup>[2]<\/sup><\/a><\/p>\n<p><strong>C)<\/strong> Der geldpolitische Spielraum, der Zentralbanken zur Verf\u00fcgung steht, w\u00fcrde bei dauerhaft h\u00f6herer staatlicher Verschuldung steigen.<a href=\"#_ftn3\" name=\"_ftnref3\"><sup>[3]<\/sup><\/a><\/p>\n<p><strong>2.<\/strong> Am kommenden Sonntag ist Bundestagswahl. Die kommende Bundesregierung steht vor der Herausforderung, einen grundgesetzkonformen Haushalt vorzulegen, die f\u00fcr die Dekarboniserung ben\u00f6tigten \u00f6ffentlichen Ausgaben zu stemmen und den durch die Pandemie stark angewachsenen Ausgabenrahmen wachstumsfreundlich zur\u00fcckzuf\u00fchren. Vor diesem Hintergrund verweisen wir auf vier unserer policy paper, die Antworten auf diese Fragen liefern.<\/p>\n<ul>\n<li>In einem am Dienstag ver\u00f6ffentlichten <a href=\"http:\/\/www.dezernatzukunft.de\/bundeswertpapiere-zollstock-taschenmesser-goldbarren\/\">Paper<\/a> widmen wir uns dem <strong>Markt f\u00fcr Bundeswertpapiere<\/strong>. Dabei erkl\u00e4ren wir welche Arten von Bundeswertpapieren existieren, wer diese h\u00e4lt, und warum die Renditen deutscher Staatsanleihen paradoxerweise unterhalb der risikofreien Zinsen im Euroraum liegen. Schlie\u00dflich geben wir einen \u00dcberblick \u00fcber die Determinanten \u00f6ffentlicher Refinanzierungskosten und beschreiben die Renditeentwicklung verschiedener europ\u00e4ischer Staatsanleihen in den letzten Jahren.<\/li>\n<li>In einem im August ver\u00f6ffentlichten <a href=\"http:\/\/www.dezernatzukunft.de\/warum-die-konjunkturkomponente-ihren-zweck-nicht-mehr-erfuellt-analyse-und-ein-reformvorschlag\/\">Paper<\/a> stellen wir die sogenannte <strong>\u201eKonjunkturkomponente\u201c der Schuldenbremse<\/strong> Die Konjunkturkomponente ist ein Teil der Schuldenbremse und soll der \u00f6ffentlichen Hand erm\u00f6glichen, etwas mehr auszugeben, wenn die Wirtschaft langsamer w\u00e4chst, als sie das potentiell langfristig k\u00f6nnte. Wir erkl\u00e4ren, welche Probleme es mit der Konjunkturkomponente heute gibt und wie man sie reformieren k\u00f6nnte. Reformiert w\u00fcrde die einfachgesetzlich \u00e4nderbare Konjunkturkomponente im n\u00e4chsten Jahr ein deutlich gr\u00f6\u00dferes Defizit erlauben: circa 30 bis 38 Mrd. Euro mehr als in ihrer jetzigen Ausgestaltung. F\u00fcr eine k\u00fcrzere Version des Argumentes, siehe <a href=\"https:\/\/link.springer.com\/article\/10.1007\/s10273-021-2984-4?ArticleAuthorOnlineFirst_20210825&amp;utm_content=AA_en_06082018&amp;utm_medium=email&amp;utm_source=ArticleAuthorOnlineFirst&amp;wt_mc=Internal.Event.1.SEM.ArticleAuthorOnlineFirst\">diese Ver\u00f6ffentlichung im Wirtschaftsdienst<\/a>. F\u00fcr besonders Eilige ist dieser <a href=\"https:\/\/web.archive.org\/web\/20240801095430\/https:\/\/zeitung.faz.net\/faz\/wirtschaft\/2021-09-18\/2583bc4574c86cbabf76122d6f85d5a2\/\">FAZ Beitrag<\/a> zu empfehlen, der das Wichtigste in 700 W\u00f6rtern zusammenfasst.<\/li>\n<li>Aber <strong>wie stark kann unsere Volkswirtschaft eigentlich potentiell wachsen <\/strong>und wann ist sie ausgelastet? Darauf gehen wir unter anderem in unserem <a href=\"http:\/\/www.dezernatzukunft.de\/eine-neue-deutsche-finanzpolitik\/\">Kernpapier<\/a> \u201eEine neue deutsche Finanzpolitik\u201c ein. Darin pl\u00e4dieren wir daf\u00fcr, die Zielsetzung der Finanzpolitik auf eine Vollauslastung des Arbeitsmarktes anzupassen und so die Anzahl an Menschen zu reduzieren, die auf staatliche Transferleistungen angewiesen sind.<\/li>\n<li>Und was kostet uns nun eigentlich der Klimaschutz? Ist das \u00fcberhaupt bezahlbar? In unserem Papier zu \u00f6ffentlichen Klimaausgaben <a href=\"http:\/\/www.dezernatzukunft.de\/ausgaben-fuer-die-dekarbonisierung\/\">sch\u00e4tzen<\/a> wir, <strong>dass ca. 47 Mrd. EUR an \u00f6ffentlichen Mitteln pro Jahr f\u00fcr die f\u00fcr die Dekarbonisierung ben\u00f6tigt werden<\/strong>. Das meiste Geld flie\u00dft in die Abschaffung der EEG-Umlage (ein Zuschlag auf den Strompreis, mit dem der Ausbau der Erneuerbaren Energien finanziert wird) und die F\u00f6rderung von E-Mobilit\u00e4t und Geb\u00e4udesanierungen.<\/li>\n<\/ul>\n<p><strong>&nbsp;<\/strong>Und schlie\u00dflich noch an alle, die das noch nicht getan haben, ein herzlicher Aufruf: Geht W\u00e4hlen, Hauptsache demokratisch :).<a href=\"#_ftnref1\" name=\"_ftn1\"><\/a><\/p>\n<\/div>\n<div class=\"thn_post_wrap\">\n<hr>\n<h4><strong> Fu\u00dfnoten<\/strong><\/h4>\n<\/div>\n<div class=\"thn_post_wrap\">\n<p><a href=\"#_ftnref1\" name=\"_ftn1\">[1]<\/a> ECB Occasional Paper Series No 273, S. 7f.<\/p>\n<p><a href=\"#_ftnref2\" name=\"_ftn2\">[2]<\/a> ECB Occasional Paper Series No 273, S.8.<\/p>\n<p><a href=\"#_ftnref3\" name=\"_ftn2\">[3]<\/a> ECB Occasional Paper Series No 273, S.9.<\/p>\n<p><\/p>\n<\/div>\n<div class=\"thn_post_wrap\">\n<p class=\"executivesum\" style=\"border-left: 8px solid #ee6174; text-align: center;\"><em>Der <strong>Dezernats- und der Geldbrief<\/strong> sind unsere Newsletter zu aktuellen \u00f6konomischen Fragen in Deutschland und Europa. \u00dcber Feedback und Anregungen freuen wir uns und erbitten deren Zusendung an florian.kern[at]dezernatzukunft.org<\/em><\/p>\n<\/div>\n<hr>\n\n\n<p><strong><strong>Veranstaltungen und Medienberichte vom 23.09 bis 8.10.2021<\/strong><\/strong><\/p>\n\n\n\n<ul class=\"wp-block-list\">\n<li>Philippa diskutierte am 13.09 mit Knuth Detlefsen, Leiter des B\u00fcros der Friedrich-Ebert-Stiftung in Washington D.C. zu \u201eWirtschafts- und Klimapolitik von Joe Biden im Vergleich zu Deutschland\u201c, am 14.09 im Rahmen der Zweiten Europ\u00e4ischen MMT-Konferenz zum Thema \u201ePolitical Economy and Fiscal Policy\u201c mit Warren Mosler, Achim Truger und Paul Sheard (<a href=\"https:\/\/www.youtube.com\/watch?v=oz9wU5VWGUQ\">hier<\/a> das Video) und war am 16.09 beim Mercator Kolleg zum Thema \u201eZukunftsf\u00e4hige Finanzpolitik\u201c zu Gast.<\/li>\n\n\n\n<li>Florian Kern wurde im <a href=\"https:\/\/www.bloomberg.com\/news\/articles\/2021-09-15\/mystery-of-missing-german-inflation-hysteria-hangs-over-election\">Bloomberg-Artikel<\/a> zu \u201eGerman inflation hysteria mysteriously missing before vote\u201c zitiert.<\/li>\n\n\n\n<li>Im <a href=\"https:\/\/www.n-tv.de\/wirtschaft\/Steuersenkungen-oekonomisch-nicht-begruendbar-article22807266.html\">Interview mit Max Borowski von ntv<\/a> l\u00e4sst sich nachlesen, wie Philippa die Auswirkungen der Wahlprogramme auf die Wirtschaft einsch\u00e4tzt.<\/li>\n\n\n\n<li>Max, Florian Schuster und Philippa haben in der FAZ auf die k\u00fcrzlich von Manfred Schaefer ge\u00e4u\u00dferte Kritik am Vorschlag des Dezernats zur \u00dcberarbeitung der Konjunkturkomponente geantwortet. <a href=\"https:\/\/fazarchiv.faz.net\/faz-portal\/document?uid=FAZ__FD1202109185000751177082\">\u201eDie volkswirtschaftliche Wurstfabrik hinter der Schuldenbremse\u201c<\/a> ist am 18.09 in der FAZ erschienen<\/li>\n\n\n\n<li>Le Monde erw\u00e4hnte uns am 19.08 in dem Artikel mit dem Titel <a href=\"https:\/\/www.lemonde.fr\/economie\/article\/2021\/09\/19\/en-allemagne-les-rebelles-de-l-orthodoxie-economique_6095227_3234.html\">\u201eEn Allemagne, les rebelles de l\u2019orthodoxie \u00e9conomique\u201c<\/a> (Die deutschen Rebellen gegen die wirtschaftliche Orthodoxie).<\/li>\n\n\n\n<li>Am 20.09 erschien ein Economist-Artikel zum Titel <a href=\"https:\/\/www.economist.com\/special-report\/2021\/09\/20\/the-urgent-need-for-greater-public-investment\">\u201eGermany\u2019s urgent need for greater public investment\u201d<\/a> inklusive unserer Ideen zur Schuldenbremse.<\/li>\n\n\n\n<li>Unsere Sch\u00e4tzung zu den Kosten der Dekarbonisierung wurde von Joachim Wuermeling, Vorstandsmitglied der Bundesbank, in einer Rede zu <a href=\"https:\/\/www.bundesbank.de\/de\/presse\/reden\/kurs-halten-gesamtbanksteuerung-in-zeiten-von-covid-und-basel-iii-875900\">\u201eKurs halten? Gesamtbanksteuerung in Zeiten von Covid und Basel III\u201c<\/a> erw\u00e4hnt.<\/li>\n<\/ul>\n\n\n\n<p><strong>Bevorstehende Veranstaltungen<\/strong><\/p>\n\n\n\n<ul class=\"wp-block-list\">\n<li>Am 24.9 h\u00e4lt Philippa bei einem Jungenunternehmerevent am Rindermarkt in M\u00fcnchen einen kurzen Vortrag \u00fcber was sie bewegt hat, in die Politik einzusteigen<\/li>\n\n\n\n<li>Die BBC interviewt Philippa live am 26.9 im Rahmen ihres Berichts zur<br>Deutschen Wahl zwischen 20:00 und 20:30. Es werden Fragen zu den<br>Wahlergebnissen und Schwierigkeiten, mit denen die neue Regierung sich<br>besch\u00e4ftigen muss, gestellt.<\/li>\n\n\n\n<li>Am 8. und 9.10. halten Philippa und Florian Schuster einen Vortrag zur Konjunkturkomponente beim Workshop der Herausgeber des Jahrbuchs f\u00fcr \u00f6ffentliche Finanzen in Leipzig. Das dazugeh\u00f6rige Paper erscheint im Jahrbuch 2021-2.<\/li>\n\n\n\n<li>Am 6.10 nimmt Philippa im Rahmen eines Event von der Britischen Botschaft und dem Deutschen Institute f\u00fcr Wirtschaftsforschung zum Thema \u201eSustainable Finance\u201c an einem Panel zu \u201eHow green are Financial Markets and where do we go from here?\u201c teil. Man kann sich hier daf\u00fcr registrieren<\/li>\n\n\n\n<li>Am 7.10 nimmt Philippa im Rahmen einer Veranstaltung des Forum \u00f6kologisch-Soziale Markwirtschaft an einem Panel zum Thema \u201eZukunft der Mobili\u00e4t\u201c teil. Es wird mit Prof. Stephan Rammler und Prof. Uwe Scheidewind diskutiert.<\/li>\n<\/ul>\n\n\n\n<p><\/p>\n","protected":false},"excerpt":{"rendered":"<p>Wie oft kurz vor Wahlen der Fall, war die Politik in den letzten Tagen besonders kreativ in ihren Vorschl\u00e4gen. Ein Lieblingsthema diesmal: Die Inflation. Christian Lindner sprach sich &#8211; kurz nachdem er sich f\u00fcr eine Klimapolitik ausgesprochen hatte, die vor allem auf steigende CO2-Preise setzt &#8211; daf\u00fcr aus, dass jede staatlich bedingte Verteuerung des Alltags an anderer Stelle kompensiert werden m\u00fcsse.<\/p>\n","protected":false},"author":17,"featured_media":5634,"comment_status":"closed","ping_status":"closed","sticky":false,"template":"","format":"standard","meta":{"_acf_changed":false,"footnotes":"","_links_to":"","_links_to_target":""},"categories":[161],"tags":[163,55,60,145],"class_list":["post-8682","post","type-post","status-publish","format-standard","has-post-thumbnail","hentry","category-geldbrief-en","tag-economic-policy","tag-fiscal-policy","tag-monetary-policy","tag-wirtschaftspolitik"],"acf":[],"yoast_head":"<!-- This site is optimized with the Yoast SEO plugin v26.8 - https:\/\/yoast.com\/product\/yoast-seo-wordpress\/ -->\n<title>Berlin Calling \u2013 Unser Newsletter zur Bundestagswahl - Dezernat Zukunft<\/title>\n<meta name=\"description\" content=\"Institut f\u00fcr Makrofinanzen\" \/>\n<meta name=\"robots\" content=\"index, follow, max-snippet:-1, max-image-preview:large, max-video-preview:-1\" \/>\n<link rel=\"canonical\" href=\"https:\/\/dezernatzukunft.org\/berlin-calling-unser-newsletter-zur-bundestagswahl\/\" \/>\n<meta property=\"og:locale\" content=\"en_US\" \/>\n<meta property=\"og:type\" content=\"article\" \/>\n<meta property=\"og:title\" content=\"Berlin Calling \u2013 Unser Newsletter zur Bundestagswahl - Dezernat Zukunft\" \/>\n<meta property=\"og:description\" content=\"Institut f\u00fcr Makrofinanzen\" \/>\n<meta property=\"og:url\" content=\"https:\/\/dezernatzukunft.org\/berlin-calling-unser-newsletter-zur-bundestagswahl\/\" \/>\n<meta property=\"og:site_name\" content=\"Dezernat Zukunft\" \/>\n<meta property=\"article:published_time\" content=\"2021-09-23T14:00:00+00:00\" \/>\n<meta property=\"article:modified_time\" content=\"2024-12-19T16:20:00+00:00\" \/>\n<meta property=\"og:image\" content=\"https:\/\/dezernatzukunft.org\/wp-content\/uploads\/2021\/09\/Beitragsbild-1.png\" \/>\n\t<meta property=\"og:image:width\" content=\"1600\" \/>\n\t<meta property=\"og:image:height\" content=\"933\" \/>\n\t<meta property=\"og:image:type\" content=\"image\/png\" \/>\n<meta name=\"author\" content=\"Florian Kern\" \/>\n<meta name=\"twitter:card\" content=\"summary_large_image\" \/>\n<meta name=\"twitter:creator\" content=\"@DezernatZ\" \/>\n<meta name=\"twitter:site\" content=\"@DezernatZ\" \/>\n<meta name=\"twitter:label1\" content=\"Written by\" \/>\n\t<meta name=\"twitter:data1\" content=\"Florian Kern\" \/>\n\t<meta name=\"twitter:label2\" content=\"Est. reading time\" \/>\n\t<meta name=\"twitter:data2\" content=\"8 minutes\" \/>\n<script type=\"application\/ld+json\" class=\"yoast-schema-graph\">{\"@context\":\"https:\/\/schema.org\",\"@graph\":[{\"@type\":\"Article\",\"@id\":\"https:\/\/dezernatzukunft.org\/berlin-calling-unser-newsletter-zur-bundestagswahl\/#article\",\"isPartOf\":{\"@id\":\"https:\/\/dezernatzukunft.org\/berlin-calling-unser-newsletter-zur-bundestagswahl\/\"},\"author\":{\"name\":\"Florian Kern\",\"@id\":\"https:\/\/dezernatzukunft.org\/#\/schema\/person\/4d0740064084e5350f42c6a1d2f40daa\"},\"headline\":\"Berlin Calling \u2013 Unser Newsletter zur Bundestagswahl\",\"datePublished\":\"2021-09-23T14:00:00+00:00\",\"dateModified\":\"2024-12-19T16:20:00+00:00\",\"mainEntityOfPage\":{\"@id\":\"https:\/\/dezernatzukunft.org\/berlin-calling-unser-newsletter-zur-bundestagswahl\/\"},\"wordCount\":1330,\"publisher\":{\"@id\":\"https:\/\/dezernatzukunft.org\/#organization\"},\"image\":{\"@id\":\"https:\/\/dezernatzukunft.org\/berlin-calling-unser-newsletter-zur-bundestagswahl\/#primaryimage\"},\"thumbnailUrl\":\"https:\/\/dezernatzukunft.org\/wp-content\/uploads\/2021\/09\/Beitragsbild-1.png\",\"keywords\":[\"Economic policy\",\"Fiscal Policy\",\"Monetary Policy\",\"Wirtschaftspolitik\"],\"articleSection\":[\"Geldbrief\"],\"inLanguage\":\"en-US\"},{\"@type\":\"WebPage\",\"@id\":\"https:\/\/dezernatzukunft.org\/berlin-calling-unser-newsletter-zur-bundestagswahl\/\",\"url\":\"https:\/\/dezernatzukunft.org\/berlin-calling-unser-newsletter-zur-bundestagswahl\/\",\"name\":\"Berlin Calling \u2013 Unser Newsletter zur Bundestagswahl - Dezernat Zukunft\",\"isPartOf\":{\"@id\":\"https:\/\/dezernatzukunft.org\/#website\"},\"primaryImageOfPage\":{\"@id\":\"https:\/\/dezernatzukunft.org\/berlin-calling-unser-newsletter-zur-bundestagswahl\/#primaryimage\"},\"image\":{\"@id\":\"https:\/\/dezernatzukunft.org\/berlin-calling-unser-newsletter-zur-bundestagswahl\/#primaryimage\"},\"thumbnailUrl\":\"https:\/\/dezernatzukunft.org\/wp-content\/uploads\/2021\/09\/Beitragsbild-1.png\",\"datePublished\":\"2021-09-23T14:00:00+00:00\",\"dateModified\":\"2024-12-19T16:20:00+00:00\",\"description\":\"Institut f\u00fcr Makrofinanzen\",\"breadcrumb\":{\"@id\":\"https:\/\/dezernatzukunft.org\/berlin-calling-unser-newsletter-zur-bundestagswahl\/#breadcrumb\"},\"inLanguage\":\"en-US\",\"potentialAction\":[{\"@type\":\"ReadAction\",\"target\":[\"https:\/\/dezernatzukunft.org\/berlin-calling-unser-newsletter-zur-bundestagswahl\/\"]}]},{\"@type\":\"ImageObject\",\"inLanguage\":\"en-US\",\"@id\":\"https:\/\/dezernatzukunft.org\/berlin-calling-unser-newsletter-zur-bundestagswahl\/#primaryimage\",\"url\":\"https:\/\/dezernatzukunft.org\/wp-content\/uploads\/2021\/09\/Beitragsbild-1.png\",\"contentUrl\":\"https:\/\/dezernatzukunft.org\/wp-content\/uploads\/2021\/09\/Beitragsbild-1.png\",\"width\":1600,\"height\":933},{\"@type\":\"BreadcrumbList\",\"@id\":\"https:\/\/dezernatzukunft.org\/berlin-calling-unser-newsletter-zur-bundestagswahl\/#breadcrumb\",\"itemListElement\":[{\"@type\":\"ListItem\",\"position\":1,\"name\":\"Home\",\"item\":\"https:\/\/dezernatzukunft.org\/en\/home_en\/\"},{\"@type\":\"ListItem\",\"position\":2,\"name\":\"Berlin Calling \u2013 Unser Newsletter zur Bundestagswahl\"}]},{\"@type\":\"WebSite\",\"@id\":\"https:\/\/dezernatzukunft.org\/#website\",\"url\":\"https:\/\/dezernatzukunft.org\/\",\"name\":\"Dezernat Zukunft\",\"description\":\"Institut f\u00fcr Makrofinanzen\",\"publisher\":{\"@id\":\"https:\/\/dezernatzukunft.org\/#organization\"},\"potentialAction\":[{\"@type\":\"SearchAction\",\"target\":{\"@type\":\"EntryPoint\",\"urlTemplate\":\"https:\/\/dezernatzukunft.org\/?s={search_term_string}\"},\"query-input\":{\"@type\":\"PropertyValueSpecification\",\"valueRequired\":true,\"valueName\":\"search_term_string\"}}],\"inLanguage\":\"en-US\"},{\"@type\":\"Organization\",\"@id\":\"https:\/\/dezernatzukunft.org\/#organization\",\"name\":\"Dezernat Zukunft\",\"url\":\"https:\/\/dezernatzukunft.org\/\",\"logo\":{\"@type\":\"ImageObject\",\"inLanguage\":\"en-US\",\"@id\":\"https:\/\/dezernatzukunft.org\/#\/schema\/logo\/image\/\",\"url\":\"https:\/\/dezernatzukunft.org\/wp-content\/uploads\/2022\/05\/Dezernat_Zukunft-01_Zeichenfla\u0308che-1.png\",\"contentUrl\":\"https:\/\/dezernatzukunft.org\/wp-content\/uploads\/2022\/05\/Dezernat_Zukunft-01_Zeichenfla\u0308che-1.png\",\"width\":966,\"height\":167,\"caption\":\"Dezernat Zukunft\"},\"image\":{\"@id\":\"https:\/\/dezernatzukunft.org\/#\/schema\/logo\/image\/\"},\"sameAs\":[\"https:\/\/x.com\/DezernatZ\"]},{\"@type\":\"Person\",\"@id\":\"https:\/\/dezernatzukunft.org\/#\/schema\/person\/4d0740064084e5350f42c6a1d2f40daa\",\"name\":\"Florian Kern\",\"sameAs\":[\"http:\/\/twitter.com\/FlorianMKern\"],\"url\":\"https:\/\/dezernatzukunft.org\/en\/author\/floriankern\/\"}]}<\/script>\n<!-- \/ Yoast SEO plugin. -->","yoast_head_json":{"title":"Berlin Calling \u2013 Unser Newsletter zur Bundestagswahl - Dezernat Zukunft","description":"Institut f\u00fcr Makrofinanzen","robots":{"index":"index","follow":"follow","max-snippet":"max-snippet:-1","max-image-preview":"max-image-preview:large","max-video-preview":"max-video-preview:-1"},"canonical":"https:\/\/dezernatzukunft.org\/berlin-calling-unser-newsletter-zur-bundestagswahl\/","og_locale":"en_US","og_type":"article","og_title":"Berlin Calling \u2013 Unser Newsletter zur Bundestagswahl - Dezernat Zukunft","og_description":"Institut f\u00fcr Makrofinanzen","og_url":"https:\/\/dezernatzukunft.org\/berlin-calling-unser-newsletter-zur-bundestagswahl\/","og_site_name":"Dezernat Zukunft","article_published_time":"2021-09-23T14:00:00+00:00","article_modified_time":"2024-12-19T16:20:00+00:00","og_image":[{"width":1600,"height":933,"url":"https:\/\/dezernatzukunft.org\/wp-content\/uploads\/2021\/09\/Beitragsbild-1.png","type":"image\/png"}],"author":"Florian Kern","twitter_card":"summary_large_image","twitter_creator":"@DezernatZ","twitter_site":"@DezernatZ","twitter_misc":{"Written by":"Florian Kern","Est. reading time":"8 minutes"},"schema":{"@context":"https:\/\/schema.org","@graph":[{"@type":"Article","@id":"https:\/\/dezernatzukunft.org\/berlin-calling-unser-newsletter-zur-bundestagswahl\/#article","isPartOf":{"@id":"https:\/\/dezernatzukunft.org\/berlin-calling-unser-newsletter-zur-bundestagswahl\/"},"author":{"name":"Florian Kern","@id":"https:\/\/dezernatzukunft.org\/#\/schema\/person\/4d0740064084e5350f42c6a1d2f40daa"},"headline":"Berlin Calling \u2013 Unser Newsletter zur Bundestagswahl","datePublished":"2021-09-23T14:00:00+00:00","dateModified":"2024-12-19T16:20:00+00:00","mainEntityOfPage":{"@id":"https:\/\/dezernatzukunft.org\/berlin-calling-unser-newsletter-zur-bundestagswahl\/"},"wordCount":1330,"publisher":{"@id":"https:\/\/dezernatzukunft.org\/#organization"},"image":{"@id":"https:\/\/dezernatzukunft.org\/berlin-calling-unser-newsletter-zur-bundestagswahl\/#primaryimage"},"thumbnailUrl":"https:\/\/dezernatzukunft.org\/wp-content\/uploads\/2021\/09\/Beitragsbild-1.png","keywords":["Economic policy","Fiscal Policy","Monetary Policy","Wirtschaftspolitik"],"articleSection":["Geldbrief"],"inLanguage":"en-US"},{"@type":"WebPage","@id":"https:\/\/dezernatzukunft.org\/berlin-calling-unser-newsletter-zur-bundestagswahl\/","url":"https:\/\/dezernatzukunft.org\/berlin-calling-unser-newsletter-zur-bundestagswahl\/","name":"Berlin Calling \u2013 Unser Newsletter zur Bundestagswahl - Dezernat Zukunft","isPartOf":{"@id":"https:\/\/dezernatzukunft.org\/#website"},"primaryImageOfPage":{"@id":"https:\/\/dezernatzukunft.org\/berlin-calling-unser-newsletter-zur-bundestagswahl\/#primaryimage"},"image":{"@id":"https:\/\/dezernatzukunft.org\/berlin-calling-unser-newsletter-zur-bundestagswahl\/#primaryimage"},"thumbnailUrl":"https:\/\/dezernatzukunft.org\/wp-content\/uploads\/2021\/09\/Beitragsbild-1.png","datePublished":"2021-09-23T14:00:00+00:00","dateModified":"2024-12-19T16:20:00+00:00","description":"Institut f\u00fcr Makrofinanzen","breadcrumb":{"@id":"https:\/\/dezernatzukunft.org\/berlin-calling-unser-newsletter-zur-bundestagswahl\/#breadcrumb"},"inLanguage":"en-US","potentialAction":[{"@type":"ReadAction","target":["https:\/\/dezernatzukunft.org\/berlin-calling-unser-newsletter-zur-bundestagswahl\/"]}]},{"@type":"ImageObject","inLanguage":"en-US","@id":"https:\/\/dezernatzukunft.org\/berlin-calling-unser-newsletter-zur-bundestagswahl\/#primaryimage","url":"https:\/\/dezernatzukunft.org\/wp-content\/uploads\/2021\/09\/Beitragsbild-1.png","contentUrl":"https:\/\/dezernatzukunft.org\/wp-content\/uploads\/2021\/09\/Beitragsbild-1.png","width":1600,"height":933},{"@type":"BreadcrumbList","@id":"https:\/\/dezernatzukunft.org\/berlin-calling-unser-newsletter-zur-bundestagswahl\/#breadcrumb","itemListElement":[{"@type":"ListItem","position":1,"name":"Home","item":"https:\/\/dezernatzukunft.org\/en\/home_en\/"},{"@type":"ListItem","position":2,"name":"Berlin Calling \u2013 Unser Newsletter zur Bundestagswahl"}]},{"@type":"WebSite","@id":"https:\/\/dezernatzukunft.org\/#website","url":"https:\/\/dezernatzukunft.org\/","name":"Dezernat Zukunft","description":"Institut f\u00fcr Makrofinanzen","publisher":{"@id":"https:\/\/dezernatzukunft.org\/#organization"},"potentialAction":[{"@type":"SearchAction","target":{"@type":"EntryPoint","urlTemplate":"https:\/\/dezernatzukunft.org\/?s={search_term_string}"},"query-input":{"@type":"PropertyValueSpecification","valueRequired":true,"valueName":"search_term_string"}}],"inLanguage":"en-US"},{"@type":"Organization","@id":"https:\/\/dezernatzukunft.org\/#organization","name":"Dezernat Zukunft","url":"https:\/\/dezernatzukunft.org\/","logo":{"@type":"ImageObject","inLanguage":"en-US","@id":"https:\/\/dezernatzukunft.org\/#\/schema\/logo\/image\/","url":"https:\/\/dezernatzukunft.org\/wp-content\/uploads\/2022\/05\/Dezernat_Zukunft-01_Zeichenfla\u0308che-1.png","contentUrl":"https:\/\/dezernatzukunft.org\/wp-content\/uploads\/2022\/05\/Dezernat_Zukunft-01_Zeichenfla\u0308che-1.png","width":966,"height":167,"caption":"Dezernat Zukunft"},"image":{"@id":"https:\/\/dezernatzukunft.org\/#\/schema\/logo\/image\/"},"sameAs":["https:\/\/x.com\/DezernatZ"]},{"@type":"Person","@id":"https:\/\/dezernatzukunft.org\/#\/schema\/person\/4d0740064084e5350f42c6a1d2f40daa","name":"Florian Kern","sameAs":["http:\/\/twitter.com\/FlorianMKern"],"url":"https:\/\/dezernatzukunft.org\/en\/author\/floriankern\/"}]}},"_links":{"self":[{"href":"https:\/\/dezernatzukunft.org\/en\/wp-json\/wp\/v2\/posts\/8682","targetHints":{"allow":["GET"]}}],"collection":[{"href":"https:\/\/dezernatzukunft.org\/en\/wp-json\/wp\/v2\/posts"}],"about":[{"href":"https:\/\/dezernatzukunft.org\/en\/wp-json\/wp\/v2\/types\/post"}],"author":[{"embeddable":true,"href":"https:\/\/dezernatzukunft.org\/en\/wp-json\/wp\/v2\/users\/17"}],"replies":[{"embeddable":true,"href":"https:\/\/dezernatzukunft.org\/en\/wp-json\/wp\/v2\/comments?post=8682"}],"version-history":[{"count":3,"href":"https:\/\/dezernatzukunft.org\/en\/wp-json\/wp\/v2\/posts\/8682\/revisions"}],"predecessor-version":[{"id":75689,"href":"https:\/\/dezernatzukunft.org\/en\/wp-json\/wp\/v2\/posts\/8682\/revisions\/75689"}],"wp:featuredmedia":[{"embeddable":true,"href":"https:\/\/dezernatzukunft.org\/en\/wp-json\/wp\/v2\/media\/5634"}],"wp:attachment":[{"href":"https:\/\/dezernatzukunft.org\/en\/wp-json\/wp\/v2\/media?parent=8682"}],"wp:term":[{"taxonomy":"category","embeddable":true,"href":"https:\/\/dezernatzukunft.org\/en\/wp-json\/wp\/v2\/categories?post=8682"},{"taxonomy":"post_tag","embeddable":true,"href":"https:\/\/dezernatzukunft.org\/en\/wp-json\/wp\/v2\/tags?post=8682"}],"curies":[{"name":"wp","href":"https:\/\/api.w.org\/{rel}","templated":true}]}}