{"id":8435,"date":"2022-03-17T13:57:41","date_gmt":"2022-03-17T12:57:41","guid":{"rendered":"https:\/\/dezernat-zukunft.org\/?p=8435"},"modified":"2023-06-29T11:31:53","modified_gmt":"2023-06-29T09:31:53","slug":"wirtschaftliche-mehrkosten-durch-energiepreisanstiege","status":"publish","type":"post","link":"https:\/\/dezernatzukunft.org\/en\/wirtschaftliche-mehrkosten-durch-energiepreisanstiege\/","title":{"rendered":"Wirtschaftliche Mehrkosten durch Energiepreisanstiege"},"content":{"rendered":"<p><strong><a href=\"mailto:janek.steitz.ext@dezernatzukunft.org\">Janek Steitz<\/a><\/strong><\/p>\n\n<div class=\"wp-block-columns is-layout-flex wp-container-core-columns-is-layout-1 wp-block-columns-is-layout-flex\">\n<div class=\"wp-block-column is-layout-flow wp-block-column-is-layout-flow\">\n<a href=\"https:\/\/dezernatzukunft.org\/wp-content\/uploads\/2022\/03\/Steitz-Sigl-Gloeckner-2022-Wirtschaftliche-Mehrkosten-durch-Energiepreisanstiege-ein-Schaetzung.pdf\" class=\"testbutton\" target=\"_blank\" rel=\"noopener\"> Download PDF <\/a>\n<\/div>\n<\/div>\n<p>Die durch die gestiegenen Energiepreise verursachten Mehrkosten f\u00fcr 2022 und 2023 im Vergleich zu 2019 belaufen sich unserer Sch\u00e4tzung nach auf rund 90 und 150 Mrd. Euro oder 2,3% und 3,7% des BIPs. Dabei fallen insbesondere die f\u00fcr 2023 erwarteten Preisanstiege bei Erdgas und Strom ins Gewicht. Neben kurzfristiger ad hoc Unterst\u00fctzung bedarf es daher zielgerichteter Politikma\u00dfnahmen f\u00fcr besonders betroffene Haushalte und Unternehmen, die auch \u00fcber l\u00e4ngere Zeit finanzierbar sind.<\/p>\n<p>Details zur Sch\u00e4tzung und den dahinter liegenden Annahmen siehe verlinktes Papier.<\/p>\n<p><img loading=\"lazy\" decoding=\"async\" class=\" wp-image-7693 aligncenter\" src=\"https:\/\/dezernatzukunft.org\/wp-content\/uploads\/2022\/03\/Abb1-300x271.png\" alt=\"\" width=\"671\" height=\"606\" srcset=\"https:\/\/dezernatzukunft.org\/wp-content\/uploads\/2022\/03\/Abb1-300x271.png 300w, https:\/\/dezernatzukunft.org\/wp-content\/uploads\/2022\/03\/Abb1-1024x924.png 1024w, https:\/\/dezernatzukunft.org\/wp-content\/uploads\/2022\/03\/Abb1-768x693.png 768w, https:\/\/dezernatzukunft.org\/wp-content\/uploads\/2022\/03\/Abb1-1536x1386.png 1536w, https:\/\/dezernatzukunft.org\/wp-content\/uploads\/2022\/03\/Abb1-100x90.png 100w, https:\/\/dezernatzukunft.org\/wp-content\/uploads\/2022\/03\/Abb1-1184x1069.png 1184w, https:\/\/dezernatzukunft.org\/wp-content\/uploads\/2022\/03\/Abb1.png 1600w\" sizes=\"auto, (max-width: 671px) 100vw, 671px\" \/><\/p>\n<hr>\n<p class=\"executivesum\" style=\"border-left: 8px solid #ee6174; text-align: center;\"><em>Um \u00fcber unsere weiteren Ver\u00f6ffentlichungen auf dem Laufenden zu bleiben, abonniert gerne unseren<\/em><a href=\"https:\/\/dezernatzukunft.us18.list-manage.com\/subscribe?u=e80f99448e2133d2d0099e4cb&amp;id=2a7db2a8a7\"><em> Newsletter<\/em><\/a><em>. <\/em><\/p>\n\n\n<p>\n<\/p><\/p>\n","protected":false},"excerpt":{"rendered":"<p>Die durch die gestiegenen Energiepreise verursachten Mehrkosten f\u00fcr 2022 und 2023 im Vergleich zu 2019 belaufen sich unserer Sch\u00e4tzung nach auf rund 90 und 150 Mrd. Euro oder 2,3% und 3,7% des BIPs. Dabei fallen insbesondere die f\u00fcr 2023 erwarteten Preisanstiege bei Erdgas und Strom ins Gewicht. Neben kurzfristiger ad hoc Unterst\u00fctzung bedarf es daher zielgerichteter Politikma\u00dfnahmen f\u00fcr besonders betroffene Haushalte und Unternehmen, die auch \u00fcber l\u00e4ngere Zeit finanzierbar sind.<\/p>\n","protected":false},"author":57,"featured_media":7724,"comment_status":"closed","ping_status":"closed","sticky":false,"template":"","format":"standard","meta":{"_acf_changed":false,"footnotes":"","_links_to":"","_links_to_target":""},"categories":[194],"tags":[55,287],"class_list":["post-8435","post","type-post","status-publish","format-standard","has-post-thumbnail","hentry","category-papers","tag-fiscal-policy","tag-js-en"],"acf":[],"yoast_head":"<!-- This site is optimized with the Yoast SEO plugin v26.8 - https:\/\/yoast.com\/product\/yoast-seo-wordpress\/ -->\n<title>Wirtschaftliche Mehrkosten durch Energiepreisanstiege - Dezernat Zukunft<\/title>\n<meta name=\"description\" content=\"Institut f\u00fcr Makrofinanzen\" \/>\n<meta name=\"robots\" content=\"index, follow, max-snippet:-1, max-image-preview:large, max-video-preview:-1\" \/>\n<link rel=\"canonical\" href=\"https:\/\/dezernatzukunft.org\/en\/wirtschaftliche-mehrkosten-durch-energiepreisanstiege\/\" \/>\n<meta property=\"og:locale\" content=\"en_US\" \/>\n<meta property=\"og:type\" content=\"article\" \/>\n<meta property=\"og:title\" content=\"Wirtschaftliche Mehrkosten durch Energiepreisanstiege - Dezernat Zukunft\" \/>\n<meta property=\"og:description\" content=\"Institut f\u00fcr Makrofinanzen\" \/>\n<meta property=\"og:url\" content=\"https:\/\/dezernatzukunft.org\/en\/wirtschaftliche-mehrkosten-durch-energiepreisanstiege\/\" \/>\n<meta property=\"og:site_name\" content=\"Dezernat Zukunft\" \/>\n<meta property=\"article:published_time\" content=\"2022-03-17T12:57:41+00:00\" \/>\n<meta property=\"article:modified_time\" content=\"2023-06-29T09:31:53+00:00\" \/>\n<meta property=\"og:image\" content=\"https:\/\/dezernatzukunft.org\/wp-content\/uploads\/2022\/03\/Hinntergrundbild-2.png\" \/>\n\t<meta property=\"og:image:width\" content=\"1600\" \/>\n\t<meta property=\"og:image:height\" content=\"933\" \/>\n\t<meta property=\"og:image:type\" content=\"image\/png\" \/>\n<meta name=\"author\" content=\"Janek Steitz\" \/>\n<meta name=\"twitter:card\" content=\"summary_large_image\" \/>\n<meta name=\"twitter:creator\" content=\"@DezernatZ\" \/>\n<meta name=\"twitter:site\" content=\"@DezernatZ\" \/>\n<meta name=\"twitter:label1\" content=\"Written by\" \/>\n\t<meta name=\"twitter:data1\" content=\"Janek Steitz\" \/>\n\t<meta name=\"twitter:label2\" content=\"Est. reading time\" \/>\n\t<meta name=\"twitter:data2\" content=\"1 minute\" \/>\n<script type=\"application\/ld+json\" class=\"yoast-schema-graph\">{\"@context\":\"https:\/\/schema.org\",\"@graph\":[{\"@type\":\"Article\",\"@id\":\"https:\/\/dezernatzukunft.org\/en\/wirtschaftliche-mehrkosten-durch-energiepreisanstiege\/#article\",\"isPartOf\":{\"@id\":\"https:\/\/dezernatzukunft.org\/en\/wirtschaftliche-mehrkosten-durch-energiepreisanstiege\/\"},\"author\":{\"name\":\"Janek Steitz\",\"@id\":\"https:\/\/dezernatzukunft.org\/#\/schema\/person\/159d675c662767629c2dc71dd0b0b124\"},\"headline\":\"Wirtschaftliche Mehrkosten durch Energiepreisanstiege\",\"datePublished\":\"2022-03-17T12:57:41+00:00\",\"dateModified\":\"2023-06-29T09:31:53+00:00\",\"mainEntityOfPage\":{\"@id\":\"https:\/\/dezernatzukunft.org\/en\/wirtschaftliche-mehrkosten-durch-energiepreisanstiege\/\"},\"wordCount\":104,\"publisher\":{\"@id\":\"https:\/\/dezernatzukunft.org\/#organization\"},\"image\":{\"@id\":\"https:\/\/dezernatzukunft.org\/en\/wirtschaftliche-mehrkosten-durch-energiepreisanstiege\/#primaryimage\"},\"thumbnailUrl\":\"https:\/\/dezernatzukunft.org\/wp-content\/uploads\/2022\/03\/Hinntergrundbild-2.png\",\"keywords\":[\"Fiscal Policy\",\"JS\"],\"articleSection\":[\"Papers\"],\"inLanguage\":\"en-US\"},{\"@type\":\"WebPage\",\"@id\":\"https:\/\/dezernatzukunft.org\/en\/wirtschaftliche-mehrkosten-durch-energiepreisanstiege\/\",\"url\":\"https:\/\/dezernatzukunft.org\/en\/wirtschaftliche-mehrkosten-durch-energiepreisanstiege\/\",\"name\":\"Wirtschaftliche Mehrkosten durch Energiepreisanstiege - Dezernat Zukunft\",\"isPartOf\":{\"@id\":\"https:\/\/dezernatzukunft.org\/#website\"},\"primaryImageOfPage\":{\"@id\":\"https:\/\/dezernatzukunft.org\/en\/wirtschaftliche-mehrkosten-durch-energiepreisanstiege\/#primaryimage\"},\"image\":{\"@id\":\"https:\/\/dezernatzukunft.org\/en\/wirtschaftliche-mehrkosten-durch-energiepreisanstiege\/#primaryimage\"},\"thumbnailUrl\":\"https:\/\/dezernatzukunft.org\/wp-content\/uploads\/2022\/03\/Hinntergrundbild-2.png\",\"datePublished\":\"2022-03-17T12:57:41+00:00\",\"dateModified\":\"2023-06-29T09:31:53+00:00\",\"description\":\"Institut f\u00fcr Makrofinanzen\",\"breadcrumb\":{\"@id\":\"https:\/\/dezernatzukunft.org\/en\/wirtschaftliche-mehrkosten-durch-energiepreisanstiege\/#breadcrumb\"},\"inLanguage\":\"en-US\",\"potentialAction\":[{\"@type\":\"ReadAction\",\"target\":[\"https:\/\/dezernatzukunft.org\/en\/wirtschaftliche-mehrkosten-durch-energiepreisanstiege\/\"]}]},{\"@type\":\"ImageObject\",\"inLanguage\":\"en-US\",\"@id\":\"https:\/\/dezernatzukunft.org\/en\/wirtschaftliche-mehrkosten-durch-energiepreisanstiege\/#primaryimage\",\"url\":\"https:\/\/dezernatzukunft.org\/wp-content\/uploads\/2022\/03\/Hinntergrundbild-2.png\",\"contentUrl\":\"https:\/\/dezernatzukunft.org\/wp-content\/uploads\/2022\/03\/Hinntergrundbild-2.png\",\"width\":1600,\"height\":933},{\"@type\":\"BreadcrumbList\",\"@id\":\"https:\/\/dezernatzukunft.org\/en\/wirtschaftliche-mehrkosten-durch-energiepreisanstiege\/#breadcrumb\",\"itemListElement\":[{\"@type\":\"ListItem\",\"position\":1,\"name\":\"Home\",\"item\":\"https:\/\/dezernatzukunft.org\/en\/home_en\/\"},{\"@type\":\"ListItem\",\"position\":2,\"name\":\"Wirtschaftliche Mehrkosten durch Energiepreisanstiege\"}]},{\"@type\":\"WebSite\",\"@id\":\"https:\/\/dezernatzukunft.org\/#website\",\"url\":\"https:\/\/dezernatzukunft.org\/\",\"name\":\"Dezernat Zukunft\",\"description\":\"Institut f\u00fcr Makrofinanzen\",\"publisher\":{\"@id\":\"https:\/\/dezernatzukunft.org\/#organization\"},\"potentialAction\":[{\"@type\":\"SearchAction\",\"target\":{\"@type\":\"EntryPoint\",\"urlTemplate\":\"https:\/\/dezernatzukunft.org\/?s={search_term_string}\"},\"query-input\":{\"@type\":\"PropertyValueSpecification\",\"valueRequired\":true,\"valueName\":\"search_term_string\"}}],\"inLanguage\":\"en-US\"},{\"@type\":\"Organization\",\"@id\":\"https:\/\/dezernatzukunft.org\/#organization\",\"name\":\"Dezernat Zukunft\",\"url\":\"https:\/\/dezernatzukunft.org\/\",\"logo\":{\"@type\":\"ImageObject\",\"inLanguage\":\"en-US\",\"@id\":\"https:\/\/dezernatzukunft.org\/#\/schema\/logo\/image\/\",\"url\":\"https:\/\/dezernatzukunft.org\/wp-content\/uploads\/2022\/05\/Dezernat_Zukunft-01_Zeichenfla\u0308che-1.png\",\"contentUrl\":\"https:\/\/dezernatzukunft.org\/wp-content\/uploads\/2022\/05\/Dezernat_Zukunft-01_Zeichenfla\u0308che-1.png\",\"width\":966,\"height\":167,\"caption\":\"Dezernat Zukunft\"},\"image\":{\"@id\":\"https:\/\/dezernatzukunft.org\/#\/schema\/logo\/image\/\"},\"sameAs\":[\"https:\/\/x.com\/DezernatZ\"]},{\"@type\":\"Person\",\"@id\":\"https:\/\/dezernatzukunft.org\/#\/schema\/person\/159d675c662767629c2dc71dd0b0b124\",\"name\":\"Janek Steitz\",\"url\":\"https:\/\/dezernatzukunft.org\/en\/author\/janek-steitz\/\"}]}<\/script>\n<!-- \/ Yoast SEO plugin. -->","yoast_head_json":{"title":"Wirtschaftliche Mehrkosten durch Energiepreisanstiege - Dezernat Zukunft","description":"Institut f\u00fcr Makrofinanzen","robots":{"index":"index","follow":"follow","max-snippet":"max-snippet:-1","max-image-preview":"max-image-preview:large","max-video-preview":"max-video-preview:-1"},"canonical":"https:\/\/dezernatzukunft.org\/en\/wirtschaftliche-mehrkosten-durch-energiepreisanstiege\/","og_locale":"en_US","og_type":"article","og_title":"Wirtschaftliche Mehrkosten durch Energiepreisanstiege - Dezernat Zukunft","og_description":"Institut f\u00fcr Makrofinanzen","og_url":"https:\/\/dezernatzukunft.org\/en\/wirtschaftliche-mehrkosten-durch-energiepreisanstiege\/","og_site_name":"Dezernat Zukunft","article_published_time":"2022-03-17T12:57:41+00:00","article_modified_time":"2023-06-29T09:31:53+00:00","og_image":[{"width":1600,"height":933,"url":"https:\/\/dezernatzukunft.org\/wp-content\/uploads\/2022\/03\/Hinntergrundbild-2.png","type":"image\/png"}],"author":"Janek Steitz","twitter_card":"summary_large_image","twitter_creator":"@DezernatZ","twitter_site":"@DezernatZ","twitter_misc":{"Written by":"Janek Steitz","Est. reading time":"1 minute"},"schema":{"@context":"https:\/\/schema.org","@graph":[{"@type":"Article","@id":"https:\/\/dezernatzukunft.org\/en\/wirtschaftliche-mehrkosten-durch-energiepreisanstiege\/#article","isPartOf":{"@id":"https:\/\/dezernatzukunft.org\/en\/wirtschaftliche-mehrkosten-durch-energiepreisanstiege\/"},"author":{"name":"Janek Steitz","@id":"https:\/\/dezernatzukunft.org\/#\/schema\/person\/159d675c662767629c2dc71dd0b0b124"},"headline":"Wirtschaftliche Mehrkosten durch Energiepreisanstiege","datePublished":"2022-03-17T12:57:41+00:00","dateModified":"2023-06-29T09:31:53+00:00","mainEntityOfPage":{"@id":"https:\/\/dezernatzukunft.org\/en\/wirtschaftliche-mehrkosten-durch-energiepreisanstiege\/"},"wordCount":104,"publisher":{"@id":"https:\/\/dezernatzukunft.org\/#organization"},"image":{"@id":"https:\/\/dezernatzukunft.org\/en\/wirtschaftliche-mehrkosten-durch-energiepreisanstiege\/#primaryimage"},"thumbnailUrl":"https:\/\/dezernatzukunft.org\/wp-content\/uploads\/2022\/03\/Hinntergrundbild-2.png","keywords":["Fiscal Policy","JS"],"articleSection":["Papers"],"inLanguage":"en-US"},{"@type":"WebPage","@id":"https:\/\/dezernatzukunft.org\/en\/wirtschaftliche-mehrkosten-durch-energiepreisanstiege\/","url":"https:\/\/dezernatzukunft.org\/en\/wirtschaftliche-mehrkosten-durch-energiepreisanstiege\/","name":"Wirtschaftliche Mehrkosten durch Energiepreisanstiege - Dezernat Zukunft","isPartOf":{"@id":"https:\/\/dezernatzukunft.org\/#website"},"primaryImageOfPage":{"@id":"https:\/\/dezernatzukunft.org\/en\/wirtschaftliche-mehrkosten-durch-energiepreisanstiege\/#primaryimage"},"image":{"@id":"https:\/\/dezernatzukunft.org\/en\/wirtschaftliche-mehrkosten-durch-energiepreisanstiege\/#primaryimage"},"thumbnailUrl":"https:\/\/dezernatzukunft.org\/wp-content\/uploads\/2022\/03\/Hinntergrundbild-2.png","datePublished":"2022-03-17T12:57:41+00:00","dateModified":"2023-06-29T09:31:53+00:00","description":"Institut f\u00fcr Makrofinanzen","breadcrumb":{"@id":"https:\/\/dezernatzukunft.org\/en\/wirtschaftliche-mehrkosten-durch-energiepreisanstiege\/#breadcrumb"},"inLanguage":"en-US","potentialAction":[{"@type":"ReadAction","target":["https:\/\/dezernatzukunft.org\/en\/wirtschaftliche-mehrkosten-durch-energiepreisanstiege\/"]}]},{"@type":"ImageObject","inLanguage":"en-US","@id":"https:\/\/dezernatzukunft.org\/en\/wirtschaftliche-mehrkosten-durch-energiepreisanstiege\/#primaryimage","url":"https:\/\/dezernatzukunft.org\/wp-content\/uploads\/2022\/03\/Hinntergrundbild-2.png","contentUrl":"https:\/\/dezernatzukunft.org\/wp-content\/uploads\/2022\/03\/Hinntergrundbild-2.png","width":1600,"height":933},{"@type":"BreadcrumbList","@id":"https:\/\/dezernatzukunft.org\/en\/wirtschaftliche-mehrkosten-durch-energiepreisanstiege\/#breadcrumb","itemListElement":[{"@type":"ListItem","position":1,"name":"Home","item":"https:\/\/dezernatzukunft.org\/en\/home_en\/"},{"@type":"ListItem","position":2,"name":"Wirtschaftliche Mehrkosten durch Energiepreisanstiege"}]},{"@type":"WebSite","@id":"https:\/\/dezernatzukunft.org\/#website","url":"https:\/\/dezernatzukunft.org\/","name":"Dezernat Zukunft","description":"Institut f\u00fcr Makrofinanzen","publisher":{"@id":"https:\/\/dezernatzukunft.org\/#organization"},"potentialAction":[{"@type":"SearchAction","target":{"@type":"EntryPoint","urlTemplate":"https:\/\/dezernatzukunft.org\/?s={search_term_string}"},"query-input":{"@type":"PropertyValueSpecification","valueRequired":true,"valueName":"search_term_string"}}],"inLanguage":"en-US"},{"@type":"Organization","@id":"https:\/\/dezernatzukunft.org\/#organization","name":"Dezernat Zukunft","url":"https:\/\/dezernatzukunft.org\/","logo":{"@type":"ImageObject","inLanguage":"en-US","@id":"https:\/\/dezernatzukunft.org\/#\/schema\/logo\/image\/","url":"https:\/\/dezernatzukunft.org\/wp-content\/uploads\/2022\/05\/Dezernat_Zukunft-01_Zeichenfla\u0308che-1.png","contentUrl":"https:\/\/dezernatzukunft.org\/wp-content\/uploads\/2022\/05\/Dezernat_Zukunft-01_Zeichenfla\u0308che-1.png","width":966,"height":167,"caption":"Dezernat Zukunft"},"image":{"@id":"https:\/\/dezernatzukunft.org\/#\/schema\/logo\/image\/"},"sameAs":["https:\/\/x.com\/DezernatZ"]},{"@type":"Person","@id":"https:\/\/dezernatzukunft.org\/#\/schema\/person\/159d675c662767629c2dc71dd0b0b124","name":"Janek Steitz","url":"https:\/\/dezernatzukunft.org\/en\/author\/janek-steitz\/"}]}},"_links":{"self":[{"href":"https:\/\/dezernatzukunft.org\/en\/wp-json\/wp\/v2\/posts\/8435","targetHints":{"allow":["GET"]}}],"collection":[{"href":"https:\/\/dezernatzukunft.org\/en\/wp-json\/wp\/v2\/posts"}],"about":[{"href":"https:\/\/dezernatzukunft.org\/en\/wp-json\/wp\/v2\/types\/post"}],"author":[{"embeddable":true,"href":"https:\/\/dezernatzukunft.org\/en\/wp-json\/wp\/v2\/users\/57"}],"replies":[{"embeddable":true,"href":"https:\/\/dezernatzukunft.org\/en\/wp-json\/wp\/v2\/comments?post=8435"}],"version-history":[{"count":2,"href":"https:\/\/dezernatzukunft.org\/en\/wp-json\/wp\/v2\/posts\/8435\/revisions"}],"predecessor-version":[{"id":11881,"href":"https:\/\/dezernatzukunft.org\/en\/wp-json\/wp\/v2\/posts\/8435\/revisions\/11881"}],"wp:featuredmedia":[{"embeddable":true,"href":"https:\/\/dezernatzukunft.org\/en\/wp-json\/wp\/v2\/media\/7724"}],"wp:attachment":[{"href":"https:\/\/dezernatzukunft.org\/en\/wp-json\/wp\/v2\/media?parent=8435"}],"wp:term":[{"taxonomy":"category","embeddable":true,"href":"https:\/\/dezernatzukunft.org\/en\/wp-json\/wp\/v2\/categories?post=8435"},{"taxonomy":"post_tag","embeddable":true,"href":"https:\/\/dezernatzukunft.org\/en\/wp-json\/wp\/v2\/tags?post=8435"}],"curies":[{"name":"wp","href":"https:\/\/api.w.org\/{rel}","templated":true}]}}