{"id":8369,"date":"2021-10-01T14:00:31","date_gmt":"2021-10-01T12:00:31","guid":{"rendered":"https:\/\/dezernat-zukunft.org\/?p=8369"},"modified":"2024-03-05T17:36:14","modified_gmt":"2024-03-05T16:36:14","slug":"die-preise-und-die-pandemie","status":"publish","type":"post","link":"https:\/\/dezernatzukunft.org\/en\/die-preise-und-die-pandemie\/","title":{"rendered":"Die Preise und die Pandemie"},"content":{"rendered":"\n<p class=\"has-normal-font-size\"><strong>FLORIAN KERN, LEVI HENZE<\/strong><\/p>\n\n\n<div class=\"executivesum\" style=\"border-left: 8px solid #ee6174; text-align: left;\">\n<p>\u201eInflationgespenst\u201c, \u201eGeldfresser\u201c, \u201eMega-Gau\u201c \u2013 an <a href=\"https:\/\/www.ecb.europa.eu\/press\/key\/date\/2021\/html\/ecb.sp210913_annex~88f2b52b3e.en.pdf\" target=\"_blank\" rel=\"noreferrer noopener\">Panikmache vor Inflation<\/a> mangelt es derzeit nicht. Im <a href=\"https:\/\/dezernatzukunft.org\/inflationsrate-in-deutschland-bei-38-ist-die-preisstabilitaet-in-gefahr\/\" target=\"_blank\" rel=\"noreferrer noopener\">Dezernatsbrief<\/a> haben wir vor kurzem schon eine Einordnung zur aktuellen Preisentwicklung vorgenommen. F\u00fcr alle gl\u00fccklichen Besitzerinnen eines Goldesels erkl\u00e4ren wir <a href=\"https:\/\/dezernatzukunft.org\/finanzmaerkte-sind-keine-luftballons-wie-sich-die-geldpolitik-auf-vermoegenspreise-auswirkt\/\" target=\"_blank\" rel=\"noreferrer noopener\">hier<\/a> auch den Einfluss der Geldpolitik auf Verm\u00f6genspreise. Den ganz Eiligen unter euch zeigen wir hier in f\u00fcnf Charts und sechs Fragen das Wichtigste zum Thema Inflation, wo die aktuelle Preisentwicklung herr\u00fchrt und warum deshalb niemand in Panik geraten sollte.<\/p>\n<\/div>\n\n\n<h4 class=\"wp-block-heading\" id=\"was-ist-eigentlich-inflation\">Was ist eigentlich Inflation?<\/h4>\n\n\n\n<p>Mit Inflation ist ein Anstieg des allgemeinen Preisniveaus gemeint. Wenn der Spritpreis am Morgen steigt oder die n\u00e4chste Mieterh\u00f6hung kommt ist das noch lange keine Inflation. Nur wenn das Leben f\u00fcr alle Menschen unterm Strich teurer wird spricht man auch von Inflation.<\/p>\n\n\n\n<p>Um das festzustellen, gibt es den Verbraucherpreisindex (kurz: VPI). Darin werden 650 Produkte und Dienstleistungen inklusive Tortenb\u00f6den, Kohlebriketts und Campingplatzgeb\u00fchr preislich erfasst. Die Einzelposten werden dann&nbsp;<a href=\"https:\/\/www.destatis.de\/DE\/Themen\/Wirtschaft\/Preise\/Verbraucherpreisindex\/Methoden\/Downloads\/waegungsschema-2015.html\">nach einem Schema gewichtet<\/a>&nbsp;das unser aller Kaufverhalten abzubilden versucht.<\/p>\n\n\n\n<p>F\u00fcr die Inflationsmessung wird der aktuelle VPI dann mit dem des gleichen Monats im Vorjahr verglichen. Die Inflation in diesem September bedeutet also, dass die Verbraucherpreise heute insgesamt um 4,1 Prozent h\u00f6her sind als im September 2020.&nbsp;<\/p>\n\n\n\n<p>Aber Moment: 4,1 Prozent ist f\u00fcr Deutschland der&nbsp;<a href=\"https:\/\/www.sueddeutsche.de\/wirtschaft\/inflation-deutschland-ezb-1.5426735\">h\u00f6chste Wert seit 1993<\/a>. Schauen wir also mal genauer hin.<\/p>\n\n\n\n<h4 class=\"wp-block-heading\" id=\"Was ist der Unterschied zwischen Schuldenbremse und \u201eschwarzer Null\u201c\"><strong>Warum steigen gerade die Preise?<\/strong><\/h4>\n\n\n\n<p><strong>Nachwirkungen der Pandemie:&nbsp;<\/strong>Die Pandemie hat auf dem gesamten Globus die wirtschaftliche Aktivit\u00e4t zum Erliegen gebracht. Das hat im letzten Jahr in Deutschland nicht zu Inflation, sondern im Gegenteil zu Deflation \u2013 also zu sinkenden Preisen \u2013 gef\u00fchrt. Unten sehen wir, dass die durchschnittliche Preissteigerung nach dem M\u00e4rz 2020 immer noch unter dem langfristigen Durchschnitt der Jahre davor liegt. Trotzdem: Der Anstieg seit Beginn des Jahres ist deutlich zu erkennen. In den berichteten Inflationszahlen stecken aber vor allem einmalige Effekte und Energiepreissteigerungen, die wir uns im Folgenden n\u00e4her anschauen.<\/p>\n\n\n\n<div class=\"wp-block-image\"><figure class=\"aligncenter size-large\"><img loading=\"lazy\" decoding=\"async\" width=\"1024\" height=\"524\" src=\"https:\/\/dezernatzukunft.org\/wp-content\/uploads\/2021\/10\/Garik-3-v2-1024x524.png\" alt=\"\" class=\"wp-image-5699\" srcset=\"https:\/\/dezernatzukunft.org\/wp-content\/uploads\/2021\/10\/Garik-3-v2-1024x524.png 1024w, https:\/\/dezernatzukunft.org\/wp-content\/uploads\/2021\/10\/Garik-3-v2-300x154.png 300w, https:\/\/dezernatzukunft.org\/wp-content\/uploads\/2021\/10\/Garik-3-v2-768x393.png 768w, https:\/\/dezernatzukunft.org\/wp-content\/uploads\/2021\/10\/Garik-3-v2-1536x786.png 1536w, https:\/\/dezernatzukunft.org\/wp-content\/uploads\/2021\/10\/Garik-3-v2-100x51.png 100w, https:\/\/dezernatzukunft.org\/wp-content\/uploads\/2021\/10\/Garik-3-v2-1184x606.png 1184w, https:\/\/dezernatzukunft.org\/wp-content\/uploads\/2021\/10\/Garik-3-v2.png 1760w\" sizes=\"auto, (max-width: 1024px) 100vw, 1024px\" \/><\/figure><\/div>\n\n\n\n<p><strong>Nicht alle Preise steigen gleich stark:&nbsp;<\/strong>Im neuen Jahr haben besonders die segmente Wohnen und Verkehr zur h\u00f6heren Inflationsmessung beigetragen. Beide Segmente sind stark von den internationalen Energiepreisen beeinflusst. Der globale Energiemarkt ist besonders Krisenanf\u00e4llig: Lahmt die globale Wirtschaftsentwicklung, fallen oder stagnieren die \u00d6l- und Gaspreise. Beginnt die Wirtschaft sich wieder zu erhohlen, ziehen die Preise f\u00fcr einen gewissen Zeitraum wieder an. Im Posten \u201eAndere\u201c stecken auch sogenannte langlebige Konsumg\u00fcter, die eine besondere Rolle in der Pandemie gespielt haben.<\/p>\n\n\n\n<figure class=\"wp-block-image size-large\"><img loading=\"lazy\" decoding=\"async\" width=\"1024\" height=\"524\" src=\"https:\/\/dezernatzukunft.org\/wp-content\/uploads\/2021\/10\/Grafik-2-1024x524.png\" alt=\"\" class=\"wp-image-5701\" srcset=\"https:\/\/dezernatzukunft.org\/wp-content\/uploads\/2021\/10\/Grafik-2-1024x524.png 1024w, https:\/\/dezernatzukunft.org\/wp-content\/uploads\/2021\/10\/Grafik-2-300x154.png 300w, https:\/\/dezernatzukunft.org\/wp-content\/uploads\/2021\/10\/Grafik-2-768x393.png 768w, https:\/\/dezernatzukunft.org\/wp-content\/uploads\/2021\/10\/Grafik-2-1536x786.png 1536w, https:\/\/dezernatzukunft.org\/wp-content\/uploads\/2021\/10\/Grafik-2-100x51.png 100w, https:\/\/dezernatzukunft.org\/wp-content\/uploads\/2021\/10\/Grafik-2-1184x606.png 1184w, https:\/\/dezernatzukunft.org\/wp-content\/uploads\/2021\/10\/Grafik-2.png 1760w\" sizes=\"auto, (max-width: 1024px) 100vw, 1024px\" \/><\/figure>\n\n\n\n<p><strong>Globale Lieferketten:<\/strong>&nbsp;Die Pandemie hat auf der ganzen Welt das Konsumverhalten der Menschen, aber auch der Unternehmen beeinflusst. Vor allem Dienstleistungen wie etwa die Gastronomie haben darunter gelitten \u2013 das daf\u00fcr eingesparte Geld wurde aber von vielen stattdessen f\u00fcr G\u00fcter ausgegeben, die in einer Pandemie besonders praktisch sind: Laptops, Smartphones, Spielekonsolen. Langfristig sieht der Trend hier genau umgekehrt aus: Langlebige Konsumg\u00fcter (\u201cdurables\u201d) \u2013 worunter auch Elektroger\u00e4te fallen \u2013&nbsp;<a href=\"https:\/\/www.federalreserve.gov\/newsevents\/speech\/powell20210827a.htm\">zeigen seit Jahrzehnten<\/a>&nbsp;geringere Preissteigerungen als Dienstleistungen (\u201cservices\u201d). Das ist ein Grund, warum die Annahme gerechtfertigt ist, dass es sich um tempor\u00e4re Preissteigerungen handelt. Der Pr\u00e4sident der US-Notenbank Fed hat diese beiden Entwicklungen auf einer&nbsp;<a href=\"https:\/\/www.federalreserve.gov\/newsevents\/speech\/powell20210827a.htm\">Rede<\/a>&nbsp;auf der Notenbankertagung Ende August aufgezeigt:<\/p>\n\n\n\n<div class=\"wp-block-image\"><figure class=\"aligncenter size-large\"><img decoding=\"async\" src=\"https:\/\/dezernatzukunft.org\/wp-content\/uploads\/2021\/10\/Grafik-4-1024x506.png\" alt=\"\" class=\"wp-image-5709\"\/><\/figure><\/div>\n\n\n\n<p>Gleichzeitig reagierten im M\u00e4rz 2020 die meisten Unternehmen nach ihrem Rezessionshandbuch: Mit Stellenabbau und geringerer Produktion. Die h\u00f6here Nachfrage nach Konsumg\u00fctern kam f\u00fcr diese Unternehmen dann total \u00fcberraschend. Die erh\u00f6hte Nachfrage traf hier also auf ein ohenhin schon eingeschr\u00e4nktes Angebot. Zum Beispiel Halbleiter, die in fast allen Elektroger\u00e4ten, aber auch in der&nbsp;<a href=\"https:\/\/www.sueddeutsche.de\/wirtschaft\/auto-us-regierung-will-von-firmen-mehr-daten-zur-chip-knappheit-dpa.urn-newsml-dpa-com-20090101-210924-99-348658\">Autoindustrie<\/a>&nbsp;gebraucht werden, sind aktuell knapp und bremsen damit Unternehmen, die gerne mehr produzieren w\u00fcrden. Wenn die Halbleiterindustrie die Produktion ausgebaut hat, wird sich dieses Problem von alleine l\u00f6sen.<\/p>\n\n\n\n<p><strong>(Neu)Startschwierigkeiten:&nbsp;<\/strong>Nachdem Dienstleistungen im letzten Jahr kaum nachgefragt wurden, wollen die Menschen nun wieder Essen gehen oder in Urlaub fahren. Viele Restaurants, Bars und Hotels, die in hohem Ma\u00dfe nicht festangestellte MitarbeiterInnen besch\u00e4ftigten, haben diese in der Pandemie verloren und haben nun Probleme, das gleiche Angebot bereitzustellen wie vor der Pandemie. W\u00e4hrend die Pandemie also in ihrer Hochzeit zu einem Nachfrage\u00fcberhang bei den Waren f\u00fchrte, f\u00fchrt sie zu ihrem Ende zu einem Nachfrage\u00fcberhang bei Dienstleistungen, der auch hier zu einmaligen und vor\u00fcbergehenden Preissteigerungen f\u00fchrt. Es gibt jedoch keinen Grund zur Annahme, dass diese Preissteigerungen wiederkehrender Natur sind, denn auch diese Verhaltens\u00e4nderung wird tempor\u00e4r sein.<\/p>\n\n\n\n<h4 class=\"wp-block-heading\" id=\"ist-die-politik-schuld-an-der-inflation\">Ist die Politik schuld an der Inflation?<\/h4>\n\n\n\n<p>Ja und Nein. Fiskalpolitisch wurde sehr entschlossen auf die Pandemie reagiert, nicht nur in Deutschland und Europa. Das ist auch gut so: Unternehmenshilfen und Kurzarbeit haben vielen Menschen den Lebensunterhalt gesichert.&nbsp;<\/p>\n\n\n\n<p>Ohne Frage hatte das auch eine Wirkung auf die Preise, denn Menschen hatten weiterhin Geld in der Tasche, w\u00e4hrend viele Arbeitsbereiche heruntergefahren wurden. Wie in unseren Charts gut zu erkennen ist, sind die Priese trotzdem zun\u00e4chst nicht gestiegen, sondern tendenziell gefallen.&nbsp;<\/p>\n\n\n\n<p>In Deutschland kommt allerdings eine besondere Ma\u00dfnahme hinzu: Die&nbsp;<a href=\"https:\/\/www.bundesregierung.de\/breg-de\/aktuelles\/faq-mehrwertsteuersenkung-1764364\">Senkung der Mehrwertsteuer<\/a> von Juli bis Dezember 2020. Um zu verstehen, wie sich das auf die Preise auswirkt, m\u00fcssen wir uns ansehen, was der sogenannte Basiseffekt ist.<\/p>\n\n\n\n<p><strong>Der Basiseffekt:<\/strong>&nbsp;Das Wort \u201eBasiseffekt\u201c muss man ganz w\u00f6rtlich nehmen. Um einen Prozentunterschied zu berechnen braucht es zwei Zahlen. Bei der Inflationsmessung sind das eben der Verbraucherpreisindex des aktuellen Monats und des Vorjahresmonats (die Basis). Wenn wir die Basis aber um ein Jahr nach hinten verschieben und dann die j\u00e4hrliche Inflation berechnen, sieht das schon ganz anders aus:<\/p>\n\n\n\n<figure class=\"wp-block-image size-large\"><img decoding=\"async\" src=\"https:\/\/dezernatzukunft.org\/wp-content\/uploads\/2021\/10\/Grafik-1-1-1024x524.png\" alt=\"\" class=\"wp-image-5706\"\/><\/figure>\n\n\n\n<p>Die Verschiebung des Vergleichszeitraums ist aber nicht willk\u00fcrlich. Denn 2020 war ein Krisenjahr und genau hier ist ein starker Basiseffekt erwartbar. Es kam zum Beispiel in einigen Branchen, wie oben beschrieben, zu Unterauslastung die sinkende oder gleich bleibende Preise zur Folge hatte. 2021 konnte die Preisentwicklung dann \u201enachgeholt\u201c werden.&nbsp;<\/p>\n\n\n\n<p><strong>Die Mehrwertsteuer:<\/strong>&nbsp;Ganz besonders wichtig ist aber der Zeitraum von Juli bis Dezember 2020: Wegen der Senkung der Mehrwertsteuer haben die Preise praktisch Vorjahresnivau erreicht, das bedeutet: Eine Inflation von Null Prozent oder weniger. Einen genau&nbsp;<em>umgekehrten<\/em>&nbsp;Effekt von etwa 2 Prozentpunkten k\u00f6nnen wir deshalb rein rechnerisch bis Dezember 2021 erwarten, denn wir vergleichen ja mit den Monaten, in denen die Mehrwertsteuer gesenkt war.<\/p>\n\n\n\n<h4 class=\"wp-block-heading\" id=\"macht-die-inflation-uns-armer\">Macht die Inflation uns \u00e4rmer?<\/h4>\n\n\n\n<p>Preissteigerungen sind nat\u00fcrlich politisch alles andere als irrelevant. Aus \u00f6konomischer Sicht ist es jedoch wichtig, die richtige Politikma\u00dfnahme zu empfehlen, wenn wir Kaufkraftverluste ausgleichen wollen. Weder mit Hinblick auf die Lohnentwicklung noch beim Thema Ungleichheit allgemein ist die Zentralbank der richtige Addressat.<\/p>\n\n\n\n<p><strong>Inflation und L\u00f6hne:<\/strong>&nbsp;Oft wird Inflation f\u00fcr&nbsp;<a href=\"https:\/\/www.bpb.de\/politik\/innenpolitik\/arbeitsmarktpolitik\/322503\/lohnentwicklung-in-deutschland-und-europa\">sinkende L\u00f6hne verantwortlich<\/a>&nbsp;gemacht. So z\u00e4umt man das Pferd aber von hinten auf: Bei schwacher Lohnentwicklung w\u00e4re eine restriktive Geldpolitik, die versucht die Inflation zu begrenzen sogar kontraproduktiv. Denn in die Lohnentwicklung flie\u00dft auch ein, ob die Menschen sich wegen schlechter wirtschaftlicher Aussichten Angst um ihren Job machen m\u00fcssen. F\u00fcr eine stabile Lohnentwicklung sind vielmehr gute Lohnverhandlungen, eine aktive Fiskalpolitik und auch die Besch\u00e4ftigungsbedingungen im \u00f6ffentlichen Dienst verantwortlich.<\/p>\n\n\n\n<p>Tats\u00e4chlich ist es allerdings&nbsp;<a href=\"https:\/\/web.archive.org\/web\/20221003123452\/https:\/\/www.zdf.de\/nachrichten\/wirtschaft\/inflation-preise-loehne-100.html\">dieses Jahr<\/a>&nbsp;zum ersten Mal seit einigen Jahren zu sinkenden Reall\u00f6hnen gekommen. Aber auch hier ist es wichtig zu beachten, dass darin nat\u00fcrlich die Mehrwertsteuersenkung enthalten ist und bis zum Jahresende den gleichen Effekt haben wird wie bei der Inflation auch.<\/p>\n\n\n\n<p><strong>Inflation und Ungleicheit:&nbsp;<\/strong>Zwei Argumente werden immer wieder vorgebracht, wenn es um den Zusammenhang zwischen Ungleichheit und Geldpolitik geht. Zum einen sei die EZB f\u00fcr steigende Verm\u00f6genswerte verantwortlich und w\u00fcrde dadurch verm\u00f6gende Menschen reicher machen. Es stimmt zwar, dass die Notenbank Verm\u00f6genspreise aller Art beeinflusst. Umgekehrt w\u00fcrden die Folgen einer restriktiven Geldpolitik aber nicht prim\u00e4r verm\u00f6gende Menschen treffen. Sie w\u00fcrden durch eine ausgebremste Konjunktur vor allem diejenigen in unsicheren Arbeitsverh\u00e4ltnissen und mit wenig Verm\u00f6gen treffen.&nbsp;Von Inflation sind leider immer auch Menschen betroffen, die von Transferleistungen wie Arbeitslosengeld, Rente oder Baf\u00f6g leben. Aber auch hier gilt: Steigende Zinsen w\u00fcrden das Problem nur verschlimmern. Stattdessen kann politisch mit einem angemessenen Inflationsausgleich reagiert werden. Die Werkzeuge der Zentralbank sind hier, wie bei der Lohnentwicklung auch, viel zu grobk\u00f6rnig und ungenau und die&nbsp;<a href=\"https:\/\/www.bundesbank.de\/resource\/blob\/665028\/4e925bbe8a8d2c82b5ef2931fe9910d5\/mL\/2016-09-verteilungseffekte-data.pdf\">Verteilungswirkung der Zinsen<\/a>&nbsp;eher klein.<\/p>\n\n\n\n<h4 class=\"wp-block-heading\" id=\"warum-erhoht-die-ezb-die-zinsen-nicht\">Warum erh\u00f6ht die EZB die Zinsen nicht?<\/h4>\n\n\n\n<p>Geldpolitische Ma\u00dfnahmen wirken immer zeitverz\u00f6gert. Bis eine Zinserh\u00f6hung einen Effekt auf Investitionen, Einkommen und den Konsum hat, kann ein Jahr oder noch mehr Zeit vergehen. Wenn die Geldpolitik also mit Zinserh\u00f6hungen auf vermutlich vorr\u00fcbergehende Preissteigerungen reagiert, dann w\u00fcrde der Effekt der Zinserh\u00f6hung erst zur Geltung kommen, wenn die Inflationsraten wieder auf dem vorherigen Niveau sind. Die Zinserh\u00f6hung w\u00fcrde dann die Inflationsrate weiter unter das Inflationsziel dr\u00fccken, zu niedrigeren Einkommen f\u00fchren und Arbeitslosigkeit hervorrufen. Das w\u00e4re insbesondere schlimm f\u00fcr Menschen mit niedrigen Einkommen, da deren Lohnentwicklung viel st\u00e4rker von der Arbeitslosenquote abh\u00e4ngt wie die von Top-Verdienern.<\/p>\n\n\n\n<h4 class=\"wp-block-heading\" id=\"werden-die-preise-weiter-steigen\">Werden die Preise weiter steigen?<\/h4>\n\n\n\n<p>Viele Entwicklungen, die derzeit die Preise beeinflussen, sind aller Wahrscheinlichkeit nach zeitlich begrenzt. Es gibt dennoch einige Entwicklungen, die es sich lohnt im Blick zu behalten.<\/p>\n\n\n\n<p>In diesem und n\u00e4chstem Jahr ist das zum Beispiel das ungleiche Zusammenspiel der wirtschaftlichen Erholung. W\u00e4hrend sich in Europa das&nbsp;<a href=\"https:\/\/www.ft.com\/content\/c4d3daa9-cd61-46cb-9db9-00cb1a9fbac0\">wirtschaftliche Zusammenleben normalisiert<\/a>&nbsp;ist in vielen L\u00e4ndern die Pandemie noch nicht vorbei, zum Beispiel weil die Impfquote nicht so hoch ist wie bei uns.&nbsp;<\/p>\n\n\n\n<p>In Deutschland wird das vermutlich bis&nbsp;<a href=\"https:\/\/www.imk-boeckler.de\/de\/faust-detail.htm?sync_id=HBS-008132\">ins n\u00e4chste Jahr<\/a>&nbsp;hinein f\u00fcr stockende Lieferketten sorgen, was auch die Preise f\u00fcr einige Zeit noch beeinflussen wird. Es spricht aber einiges daf\u00fcr, dass viele Preiserh\u00f6hungen einmalig sind, sich also nicht langfristig auf die Preisentwicklung niederschlagen werden.<\/p>\n","protected":false},"excerpt":{"rendered":"<p>\u201eInflationgespenst\u201c, \u201eGeldfresser\u201c, \u201eMega-Gau\u201c  \u2013 an Panikmache vor Inflation mangelt es derzeit nicht. Im Dezernatsbrief  haben wir vor kurzem schon eine Einordnung zur aktuellen Preisentwicklung vorgenommen. F\u00fcr alle gl\u00fccklichen Besitzerinnen eines Goldesels erkl\u00e4ren wir hier auch den Einfluss der Geldpolitik auf Verm\u00f6genspreise. <\/p>\n<p>Den ganz Eiligen unter euch zeigen wir hier in f\u00fcnf Charts und sechs Fragen das Wichtigste zum Thema Inflation, wo die aktuelle Preisentwicklung herr\u00fchrt und warum deshalb niemand in Panik geraten sollte. <\/p>\n","protected":false},"author":42,"featured_media":5865,"comment_status":"closed","ping_status":"closed","sticky":false,"template":"","format":"standard","meta":{"_acf_changed":false,"footnotes":"","_links_to":"","_links_to_target":""},"categories":[160],"tags":[60],"class_list":["post-8369","post","type-post","status-publish","format-standard","has-post-thumbnail","hentry","category-explainers","tag-monetary-policy"],"acf":[],"yoast_head":"<!-- This site is optimized with the Yoast SEO plugin v26.8 - https:\/\/yoast.com\/product\/yoast-seo-wordpress\/ -->\n<title>Die Preise und die Pandemie - Dezernat Zukunft<\/title>\n<meta name=\"description\" content=\"Institut f\u00fcr Makrofinanzen\" \/>\n<meta name=\"robots\" content=\"index, follow, max-snippet:-1, max-image-preview:large, max-video-preview:-1\" \/>\n<link rel=\"canonical\" href=\"https:\/\/dezernatzukunft.org\/die-preise-und-die-pandemie\/\" \/>\n<meta property=\"og:locale\" content=\"en_US\" \/>\n<meta property=\"og:type\" content=\"article\" \/>\n<meta property=\"og:title\" content=\"Die Preise und die Pandemie - Dezernat Zukunft\" \/>\n<meta property=\"og:description\" content=\"Institut f\u00fcr Makrofinanzen\" \/>\n<meta property=\"og:url\" content=\"https:\/\/dezernatzukunft.org\/die-preise-und-die-pandemie\/\" \/>\n<meta property=\"og:site_name\" content=\"Dezernat Zukunft\" \/>\n<meta property=\"article:published_time\" content=\"2021-10-01T12:00:31+00:00\" \/>\n<meta property=\"article:modified_time\" content=\"2024-03-05T16:36:14+00:00\" \/>\n<meta property=\"og:image\" content=\"https:\/\/dezernatzukunft.org\/wp-content\/uploads\/2021\/10\/Hintergrund-Inflation.png\" \/>\n\t<meta property=\"og:image:width\" content=\"1600\" \/>\n\t<meta property=\"og:image:height\" content=\"933\" \/>\n\t<meta property=\"og:image:type\" content=\"image\/png\" \/>\n<meta name=\"author\" content=\"Dezernat Zukunft\" \/>\n<meta name=\"twitter:card\" content=\"summary_large_image\" \/>\n<meta name=\"twitter:creator\" content=\"@DezernatZ\" \/>\n<meta name=\"twitter:site\" content=\"@DezernatZ\" \/>\n<meta name=\"twitter:label1\" content=\"Written by\" \/>\n\t<meta name=\"twitter:data1\" content=\"Dezernat Zukunft\" \/>\n\t<meta name=\"twitter:label2\" content=\"Est. reading time\" \/>\n\t<meta name=\"twitter:data2\" content=\"10 minutes\" \/>\n<script type=\"application\/ld+json\" class=\"yoast-schema-graph\">{\"@context\":\"https:\/\/schema.org\",\"@graph\":[{\"@type\":\"Article\",\"@id\":\"https:\/\/dezernatzukunft.org\/die-preise-und-die-pandemie\/#article\",\"isPartOf\":{\"@id\":\"https:\/\/dezernatzukunft.org\/die-preise-und-die-pandemie\/\"},\"author\":{\"name\":\"Dezernat Zukunft\",\"@id\":\"https:\/\/dezernatzukunft.org\/#\/schema\/person\/8632c473e2d4ac34878a760c537635dd\"},\"headline\":\"Die Preise und die Pandemie\",\"datePublished\":\"2021-10-01T12:00:31+00:00\",\"dateModified\":\"2024-03-05T16:36:14+00:00\",\"mainEntityOfPage\":{\"@id\":\"https:\/\/dezernatzukunft.org\/die-preise-und-die-pandemie\/\"},\"wordCount\":1623,\"publisher\":{\"@id\":\"https:\/\/dezernatzukunft.org\/#organization\"},\"image\":{\"@id\":\"https:\/\/dezernatzukunft.org\/die-preise-und-die-pandemie\/#primaryimage\"},\"thumbnailUrl\":\"https:\/\/dezernatzukunft.org\/wp-content\/uploads\/2021\/10\/Hintergrund-Inflation.png\",\"keywords\":[\"Monetary Policy\"],\"articleSection\":[\"Explainers\"],\"inLanguage\":\"en-US\"},{\"@type\":\"WebPage\",\"@id\":\"https:\/\/dezernatzukunft.org\/die-preise-und-die-pandemie\/\",\"url\":\"https:\/\/dezernatzukunft.org\/die-preise-und-die-pandemie\/\",\"name\":\"Die Preise und die Pandemie - Dezernat Zukunft\",\"isPartOf\":{\"@id\":\"https:\/\/dezernatzukunft.org\/#website\"},\"primaryImageOfPage\":{\"@id\":\"https:\/\/dezernatzukunft.org\/die-preise-und-die-pandemie\/#primaryimage\"},\"image\":{\"@id\":\"https:\/\/dezernatzukunft.org\/die-preise-und-die-pandemie\/#primaryimage\"},\"thumbnailUrl\":\"https:\/\/dezernatzukunft.org\/wp-content\/uploads\/2021\/10\/Hintergrund-Inflation.png\",\"datePublished\":\"2021-10-01T12:00:31+00:00\",\"dateModified\":\"2024-03-05T16:36:14+00:00\",\"description\":\"Institut f\u00fcr Makrofinanzen\",\"breadcrumb\":{\"@id\":\"https:\/\/dezernatzukunft.org\/die-preise-und-die-pandemie\/#breadcrumb\"},\"inLanguage\":\"en-US\",\"potentialAction\":[{\"@type\":\"ReadAction\",\"target\":[\"https:\/\/dezernatzukunft.org\/die-preise-und-die-pandemie\/\"]}]},{\"@type\":\"ImageObject\",\"inLanguage\":\"en-US\",\"@id\":\"https:\/\/dezernatzukunft.org\/die-preise-und-die-pandemie\/#primaryimage\",\"url\":\"https:\/\/dezernatzukunft.org\/wp-content\/uploads\/2021\/10\/Hintergrund-Inflation.png\",\"contentUrl\":\"https:\/\/dezernatzukunft.org\/wp-content\/uploads\/2021\/10\/Hintergrund-Inflation.png\",\"width\":1600,\"height\":933},{\"@type\":\"BreadcrumbList\",\"@id\":\"https:\/\/dezernatzukunft.org\/die-preise-und-die-pandemie\/#breadcrumb\",\"itemListElement\":[{\"@type\":\"ListItem\",\"position\":1,\"name\":\"Home\",\"item\":\"https:\/\/dezernatzukunft.org\/en\/home_en\/\"},{\"@type\":\"ListItem\",\"position\":2,\"name\":\"Die Preise und die Pandemie\"}]},{\"@type\":\"WebSite\",\"@id\":\"https:\/\/dezernatzukunft.org\/#website\",\"url\":\"https:\/\/dezernatzukunft.org\/\",\"name\":\"Dezernat Zukunft\",\"description\":\"Institut f\u00fcr Makrofinanzen\",\"publisher\":{\"@id\":\"https:\/\/dezernatzukunft.org\/#organization\"},\"potentialAction\":[{\"@type\":\"SearchAction\",\"target\":{\"@type\":\"EntryPoint\",\"urlTemplate\":\"https:\/\/dezernatzukunft.org\/?s={search_term_string}\"},\"query-input\":{\"@type\":\"PropertyValueSpecification\",\"valueRequired\":true,\"valueName\":\"search_term_string\"}}],\"inLanguage\":\"en-US\"},{\"@type\":\"Organization\",\"@id\":\"https:\/\/dezernatzukunft.org\/#organization\",\"name\":\"Dezernat Zukunft\",\"url\":\"https:\/\/dezernatzukunft.org\/\",\"logo\":{\"@type\":\"ImageObject\",\"inLanguage\":\"en-US\",\"@id\":\"https:\/\/dezernatzukunft.org\/#\/schema\/logo\/image\/\",\"url\":\"https:\/\/dezernatzukunft.org\/wp-content\/uploads\/2022\/05\/Dezernat_Zukunft-01_Zeichenfla\u0308che-1.png\",\"contentUrl\":\"https:\/\/dezernatzukunft.org\/wp-content\/uploads\/2022\/05\/Dezernat_Zukunft-01_Zeichenfla\u0308che-1.png\",\"width\":966,\"height\":167,\"caption\":\"Dezernat Zukunft\"},\"image\":{\"@id\":\"https:\/\/dezernatzukunft.org\/#\/schema\/logo\/image\/\"},\"sameAs\":[\"https:\/\/x.com\/DezernatZ\"]},{\"@type\":\"Person\",\"@id\":\"https:\/\/dezernatzukunft.org\/#\/schema\/person\/8632c473e2d4ac34878a760c537635dd\",\"name\":\"Dezernat Zukunft\",\"url\":\"https:\/\/dezernatzukunft.org\/en\/author\/dzautorinnen\/\"}]}<\/script>\n<!-- \/ Yoast SEO plugin. -->","yoast_head_json":{"title":"Die Preise und die Pandemie - Dezernat Zukunft","description":"Institut f\u00fcr Makrofinanzen","robots":{"index":"index","follow":"follow","max-snippet":"max-snippet:-1","max-image-preview":"max-image-preview:large","max-video-preview":"max-video-preview:-1"},"canonical":"https:\/\/dezernatzukunft.org\/die-preise-und-die-pandemie\/","og_locale":"en_US","og_type":"article","og_title":"Die Preise und die Pandemie - Dezernat Zukunft","og_description":"Institut f\u00fcr Makrofinanzen","og_url":"https:\/\/dezernatzukunft.org\/die-preise-und-die-pandemie\/","og_site_name":"Dezernat Zukunft","article_published_time":"2021-10-01T12:00:31+00:00","article_modified_time":"2024-03-05T16:36:14+00:00","og_image":[{"width":1600,"height":933,"url":"https:\/\/dezernatzukunft.org\/wp-content\/uploads\/2021\/10\/Hintergrund-Inflation.png","type":"image\/png"}],"author":"Dezernat Zukunft","twitter_card":"summary_large_image","twitter_creator":"@DezernatZ","twitter_site":"@DezernatZ","twitter_misc":{"Written by":"Dezernat Zukunft","Est. reading time":"10 minutes"},"schema":{"@context":"https:\/\/schema.org","@graph":[{"@type":"Article","@id":"https:\/\/dezernatzukunft.org\/die-preise-und-die-pandemie\/#article","isPartOf":{"@id":"https:\/\/dezernatzukunft.org\/die-preise-und-die-pandemie\/"},"author":{"name":"Dezernat Zukunft","@id":"https:\/\/dezernatzukunft.org\/#\/schema\/person\/8632c473e2d4ac34878a760c537635dd"},"headline":"Die Preise und die Pandemie","datePublished":"2021-10-01T12:00:31+00:00","dateModified":"2024-03-05T16:36:14+00:00","mainEntityOfPage":{"@id":"https:\/\/dezernatzukunft.org\/die-preise-und-die-pandemie\/"},"wordCount":1623,"publisher":{"@id":"https:\/\/dezernatzukunft.org\/#organization"},"image":{"@id":"https:\/\/dezernatzukunft.org\/die-preise-und-die-pandemie\/#primaryimage"},"thumbnailUrl":"https:\/\/dezernatzukunft.org\/wp-content\/uploads\/2021\/10\/Hintergrund-Inflation.png","keywords":["Monetary Policy"],"articleSection":["Explainers"],"inLanguage":"en-US"},{"@type":"WebPage","@id":"https:\/\/dezernatzukunft.org\/die-preise-und-die-pandemie\/","url":"https:\/\/dezernatzukunft.org\/die-preise-und-die-pandemie\/","name":"Die Preise und die Pandemie - Dezernat Zukunft","isPartOf":{"@id":"https:\/\/dezernatzukunft.org\/#website"},"primaryImageOfPage":{"@id":"https:\/\/dezernatzukunft.org\/die-preise-und-die-pandemie\/#primaryimage"},"image":{"@id":"https:\/\/dezernatzukunft.org\/die-preise-und-die-pandemie\/#primaryimage"},"thumbnailUrl":"https:\/\/dezernatzukunft.org\/wp-content\/uploads\/2021\/10\/Hintergrund-Inflation.png","datePublished":"2021-10-01T12:00:31+00:00","dateModified":"2024-03-05T16:36:14+00:00","description":"Institut f\u00fcr Makrofinanzen","breadcrumb":{"@id":"https:\/\/dezernatzukunft.org\/die-preise-und-die-pandemie\/#breadcrumb"},"inLanguage":"en-US","potentialAction":[{"@type":"ReadAction","target":["https:\/\/dezernatzukunft.org\/die-preise-und-die-pandemie\/"]}]},{"@type":"ImageObject","inLanguage":"en-US","@id":"https:\/\/dezernatzukunft.org\/die-preise-und-die-pandemie\/#primaryimage","url":"https:\/\/dezernatzukunft.org\/wp-content\/uploads\/2021\/10\/Hintergrund-Inflation.png","contentUrl":"https:\/\/dezernatzukunft.org\/wp-content\/uploads\/2021\/10\/Hintergrund-Inflation.png","width":1600,"height":933},{"@type":"BreadcrumbList","@id":"https:\/\/dezernatzukunft.org\/die-preise-und-die-pandemie\/#breadcrumb","itemListElement":[{"@type":"ListItem","position":1,"name":"Home","item":"https:\/\/dezernatzukunft.org\/en\/home_en\/"},{"@type":"ListItem","position":2,"name":"Die Preise und die Pandemie"}]},{"@type":"WebSite","@id":"https:\/\/dezernatzukunft.org\/#website","url":"https:\/\/dezernatzukunft.org\/","name":"Dezernat Zukunft","description":"Institut f\u00fcr Makrofinanzen","publisher":{"@id":"https:\/\/dezernatzukunft.org\/#organization"},"potentialAction":[{"@type":"SearchAction","target":{"@type":"EntryPoint","urlTemplate":"https:\/\/dezernatzukunft.org\/?s={search_term_string}"},"query-input":{"@type":"PropertyValueSpecification","valueRequired":true,"valueName":"search_term_string"}}],"inLanguage":"en-US"},{"@type":"Organization","@id":"https:\/\/dezernatzukunft.org\/#organization","name":"Dezernat Zukunft","url":"https:\/\/dezernatzukunft.org\/","logo":{"@type":"ImageObject","inLanguage":"en-US","@id":"https:\/\/dezernatzukunft.org\/#\/schema\/logo\/image\/","url":"https:\/\/dezernatzukunft.org\/wp-content\/uploads\/2022\/05\/Dezernat_Zukunft-01_Zeichenfla\u0308che-1.png","contentUrl":"https:\/\/dezernatzukunft.org\/wp-content\/uploads\/2022\/05\/Dezernat_Zukunft-01_Zeichenfla\u0308che-1.png","width":966,"height":167,"caption":"Dezernat Zukunft"},"image":{"@id":"https:\/\/dezernatzukunft.org\/#\/schema\/logo\/image\/"},"sameAs":["https:\/\/x.com\/DezernatZ"]},{"@type":"Person","@id":"https:\/\/dezernatzukunft.org\/#\/schema\/person\/8632c473e2d4ac34878a760c537635dd","name":"Dezernat Zukunft","url":"https:\/\/dezernatzukunft.org\/en\/author\/dzautorinnen\/"}]}},"_links":{"self":[{"href":"https:\/\/dezernatzukunft.org\/en\/wp-json\/wp\/v2\/posts\/8369","targetHints":{"allow":["GET"]}}],"collection":[{"href":"https:\/\/dezernatzukunft.org\/en\/wp-json\/wp\/v2\/posts"}],"about":[{"href":"https:\/\/dezernatzukunft.org\/en\/wp-json\/wp\/v2\/types\/post"}],"author":[{"embeddable":true,"href":"https:\/\/dezernatzukunft.org\/en\/wp-json\/wp\/v2\/users\/42"}],"replies":[{"embeddable":true,"href":"https:\/\/dezernatzukunft.org\/en\/wp-json\/wp\/v2\/comments?post=8369"}],"version-history":[{"count":2,"href":"https:\/\/dezernatzukunft.org\/en\/wp-json\/wp\/v2\/posts\/8369\/revisions"}],"predecessor-version":[{"id":71340,"href":"https:\/\/dezernatzukunft.org\/en\/wp-json\/wp\/v2\/posts\/8369\/revisions\/71340"}],"wp:featuredmedia":[{"embeddable":true,"href":"https:\/\/dezernatzukunft.org\/en\/wp-json\/wp\/v2\/media\/5865"}],"wp:attachment":[{"href":"https:\/\/dezernatzukunft.org\/en\/wp-json\/wp\/v2\/media?parent=8369"}],"wp:term":[{"taxonomy":"category","embeddable":true,"href":"https:\/\/dezernatzukunft.org\/en\/wp-json\/wp\/v2\/categories?post=8369"},{"taxonomy":"post_tag","embeddable":true,"href":"https:\/\/dezernatzukunft.org\/en\/wp-json\/wp\/v2\/tags?post=8369"}],"curies":[{"name":"wp","href":"https:\/\/api.w.org\/{rel}","templated":true}]}}