{"id":79044,"date":"2026-02-26T16:44:13","date_gmt":"2026-02-26T15:44:13","guid":{"rendered":"https:\/\/dezernatzukunft.org\/?p=79044"},"modified":"2026-02-26T17:01:34","modified_gmt":"2026-02-26T16:01:34","slug":"bildungsfinanzchaos-wer-bestellt-bezahlt-meist-nicht","status":"publish","type":"post","link":"https:\/\/dezernatzukunft.org\/en\/bildungsfinanzchaos-wer-bestellt-bezahlt-meist-nicht\/","title":{"rendered":"Bildungsfinanzchaos: Wer bestellt, bezahlt meist nicht"},"content":{"rendered":"\r\n<p class=\"has-normal-font-size\"><strong><a href=\"mailto:hanna.merki@dezernatzukunft.org\" target=\"_blank\" rel=\"noreferrer noopener\">Hanna Merki<\/a>, Dr. Florian Schuster-Johnson<\/strong><\/p>\r\n<p class=\"executivesum\" style=\"border-left: 8px solid #ee6174; text-align: left;\">Im Wahlkampf wird immer auch bessere Bildung versprochen. In unserem neuesten Papier untersuchen wir die Finanzierungsstrukturen von Kita und Schule. Es zeigt sich: Die gr\u00f6\u00dften Finanzbedarfe entstehen ausgerechnet auf der kommunalen Ebene \u2013 dort, wo fiskalische Spielr\u00e4ume am geringsten sind. Gute Bildung scheitert damit weniger am politischen Anspruch als an der bestehenden Finanzarchitektur.<\/p>\r\n<h4><strong>Alle Wahljahre wieder: leere Bildungsversprechen<\/strong><\/h4>\r\n<p>2026 ist das Jahr der Landtagswahlen. Mit f\u00fcnf Landtagswahlen und drei Kommunalwahlen werden in halb Deutschland neue Parlamente gew\u00e4hlt. Bildungsversprechen geh\u00f6ren dabei zum festen Bestandteil jedes Wahlkampfs. Kaum ein Politikfeld wird so h\u00e4ufig und partei\u00fcbergreifend betont wie das Ziel besserer Bildung \u2013 und zugleich so beharrlich vernachl\u00e4ssigt. Im <a href=\"https:\/\/www.iqb.hu-berlin.de\/de\/schule\/sekundarstufe-i\/bildungstrend\/2024\/\" target=\"_blank\" rel=\"noopener\">j\u00fcngsten IQB-Bildungstrend<\/a> verfehlte mehr als ein Drittel der Neuntkl\u00e4ssler:innen die Mindeststandards f\u00fcr die Mittlere Reife \u2013 ein neuer Negativrekord.<\/p>\r\n<p>Bund und L\u00e4nder reagierten darauf mit neuen Kooperationsprozessen zu <a href=\"https:\/\/www.jmwiarda.de\/blog\/2026\/02\/02\/aufbruchstimmung-aber-leise\" target=\"_blank\" rel=\"noopener\">Mindeststandards und datengest\u00fctzter Qualit\u00e4tsentwicklung<\/a> \u2013 wichtige erste Schritte, doch die konkreten Zust\u00e4ndigkeits- und Finanzierungsfragen sind bisher nicht gekl\u00e4rt.<a href=\"#_ftn1\" name=\"_ftnref1\"><sup>[1]<\/sup><\/a><\/p>\r\n<p><a href=\"https:\/\/dezernatzukunft.org\/en\/das-bildungsfinanzgeflecht\/\" target=\"_blank\" rel=\"noopener\">In unserem neuen Papier<\/a> haben wir uns mit genau diesen Fragen auseinandergesetzt: Wir haben die Geldfl\u00fcsse im Bildungs- und Betreuungssystem vermessen \u2013 mit Fokus auf Kita und Schule.<\/p>\r\n<p>Unsere Analyse legt das Bildungsfinanzchaos frei: Wer entscheidet und wer zahlt, ist in einem hochkomplexen System geregelt, bei dem Entscheidungen und Finanzverantwortung h\u00e4ufig auseinanderfallen. Die Achillesferse des deutschen Bildungssystems sind die Kommunen.<\/p>\r\n<h4><strong>Wer entscheidet und wer zahlt?<\/strong><\/h4>\r\n<p>Bildungspolitik ist L\u00e4ndersache. Aber doch nicht so ganz. L\u00e4ngst tragen auch die Kommunen erhebliche Verantwortung, insbesondere in der fr\u00fchkindlichen Bildung. Rechtlich ist sie ein Sonderfall: Als Teil der \u00f6ffentlichen F\u00fcrsorge f\u00e4llt sie unter die geteilte Verantwortung von Bund und L\u00e4ndern. Der Bund nutzt diese Kompetenz zwar, um zu entscheiden \u2013 etwa durch die Einf\u00fchrung des Rechtsanspruchs auf einen Kitaplatz. Finanziell beteiligt er sich jedoch nur marginal und nicht dauerhaft. Operativ und finanziell tragen die Kommunen die Hauptlast. Damit h\u00e4ngt die Qualit\u00e4t der Kinderbetreuung faktisch von der Finanzkraft der Kommunen ab. Die L\u00e4nder unterst\u00fctzen die Kommunen zwar \u2013 doch auch dies ist regional sehr unterschiedlich.<a href=\"#_ftn2\" name=\"_ftnref2\"><sup>[2]<\/sup><\/a><\/p>\r\n<p>In den Schulen finanzieren die L\u00e4nder den Gro\u00dfteil, da sie die Geh\u00e4lter der Lehrkr\u00e4fte zahlen. Investitionen in Geb\u00e4ude, Ausstattung sowie Schulsozialarbeit werden hingegen ma\u00dfgeblich von den Kommunen finanziert.<\/p>\r\n<h4><strong>Das Geld fehlt \u2026<\/strong><\/h4>\r\n<p>Doch das Geld reicht nicht. Wir haben die Mindeststandards der finanziellen Mehrbedarfe f\u00fcr Kitas und Schulen zusammengetragen und den f\u00f6deralen Ebenen zugeordnet (siehe Abbildung 1).<\/p>\r\n<p><strong>Abbildung 1<\/strong><\/p>\r\n<p><img loading=\"lazy\" decoding=\"async\" class=\"alignnone wp-image-79027\" src=\"https:\/\/dezernatzukunft.org\/wp-content\/uploads\/2026\/02\/260225_GB113_Abb1_KE-241x300.png\" alt=\"\" width=\"750\" height=\"932\" srcset=\"https:\/\/dezernatzukunft.org\/wp-content\/uploads\/2026\/02\/260225_GB113_Abb1_KE-241x300.png 241w, https:\/\/dezernatzukunft.org\/wp-content\/uploads\/2026\/02\/260225_GB113_Abb1_KE-824x1024.png 824w, https:\/\/dezernatzukunft.org\/wp-content\/uploads\/2026\/02\/260225_GB113_Abb1_KE-768x955.png 768w, https:\/\/dezernatzukunft.org\/wp-content\/uploads\/2026\/02\/260225_GB113_Abb1_KE-1236x1536.png 1236w, https:\/\/dezernatzukunft.org\/wp-content\/uploads\/2026\/02\/260225_GB113_Abb1_KE-100x124.png 100w, https:\/\/dezernatzukunft.org\/wp-content\/uploads\/2026\/02\/260225_GB113_Abb1_KE-1184x1472.png 1184w, https:\/\/dezernatzukunft.org\/wp-content\/uploads\/2026\/02\/260225_GB113_Abb1_KE.png 1600w\" sizes=\"auto, (max-width: 750px) 100vw, 750px\" \/><\/p>\r\n<p>In der fr\u00fchkindlichen Bildung verschiebt sich die Debatte zunehmend von Quantit\u00e4t zu Qualit\u00e4t.<a href=\"#_ftn3\" name=\"_ftnref3\"><sup>[3]<\/sup><\/a> Verbesserte Personalschl\u00fcssel, Sprachf\u00f6rderung und Qualifikation sind in der Sache unumstritten, aber teuer. Zusammen mit dem bisher ungedeckten Kitaplatzbedarf fehlen acht Milliarden Euro f\u00fcr Personal und weitere drei f\u00fcr entsprechende Investitionen. Mehr gebaut werden muss auch bei den Schulen. Daf\u00fcr sind pro Jahr rund sieben Milliarden Euro zus\u00e4tzlich n\u00f6tig. Sollen auch die notwendigen Fachkr\u00e4fte f\u00fcr Ganztagbetreuung, Unterricht und Schulsozialarbeit nicht fehlen, braucht es noch mal fast vier Milliarden Euro mehr pro Jahr f\u00fcr laufende Kosten<a href=\"#_ftn4\" name=\"_ftnref4\"><sup>[4]<\/sup><\/a>.<\/p>\r\n<h4><strong>\u2026 und zwar da, wo der Spielraum klein ist<\/strong><\/h4>\r\n<p>Der entscheidende Punkt: Die gr\u00f6\u00dften Mehrbedarfe liegen ausgerechnet bei den Kommunen \u2013 also da, wo die Kassen besonders klamm sind. Kommunale Haushalte stehen durch steigende Pflichtausgaben massiv unter Druck. 2024 erreichten die Kommunen in den Kernhaushalten ein Rekorddefizit in H\u00f6he von <a href=\"https:\/\/www.kfw.de\/PDF\/Download-Center\/Konzernthemen\/Research\/PDF-Dokumente-KfW-Kommunalpanel\/KfW-Kommunalpanel-2025.pdf\" target=\"_blank\" rel=\"noopener\">24,3 Milliarden Euro<\/a>.<\/p>\r\n<p>Das KfW-Kommunalpanel weist f\u00fcr 2024 einen kommunalen Investitionsr\u00fcckstand von <a href=\"https:\/\/www.kfw.de\/PDF\/Download-Center\/Konzernthemen\/Research\/PDF-Dokumente-KfW-Kommunalpanel\/KfW-Kommunalpanel-2025.pdf\" target=\"_blank\" rel=\"noopener\">216 Milliarden Euro<\/a> aus. Der gr\u00f6\u00dfte Einzelposten: Schulen. 31 Prozent des R\u00fcckstands \u2013 rund 68 Milliarden Euro \u2013 entfallen auf den Schulbereich. Im Kita-Bereich liegt der R\u00fcckstand bei \u00fcber elf Milliarden Euro. Selbst bei konservativen Sch\u00e4tzungen fehlen zudem auch 2030 noch knapp 200.000 Kitapl\u00e4tze. Insgesamt m\u00fcssten die Kommunen 75 Prozent der von uns berechneten Mehrbedarfe bei der fr\u00fchkindlichen und schulischen Bildung stemmen. Das ist illusorisch. Das Versprechen guter Bildung scheitert am Bildungsfinanzchaos. Bund und L\u00e4nder entscheiden, ohne das n\u00f6tige Geld bereit zu stellen. Vor allem der Bund f\u00e4llt durch kurzfristige Sonderverm\u00f6gen und Bundesprogramme<a href=\"#_ftn5\" name=\"_ftnref5\"><sup>[5]<\/sup><\/a> auf, die komplex zu beantragen sind und keine langfristigen L\u00f6sungen schaffen. Diese fiskalische Arbeitsteilung steht im Spannungsverh\u00e4ltnis zum Konnexit\u00e4tsprinzip (\u201ewer bestellt, bezahlt\u201c). Die Folgen zeigen sich im Bildungsalltag. Zu wenige Erzieher:innen in den Kitas und Investitionsstau an den Schulen.<\/p>\r\n<h4><strong>Auf Worte m\u00fcssen Taten folgen<\/strong><\/h4>\r\n<p>Aus gesamtstaatlicher Perspektive wirkt diese Entwicklung widerspr\u00fcchlich. Bildungsausgaben, vor allem in der fr\u00fchkindlichen Bildung, z\u00e4hlen zu den <a href=\"https:\/\/www.bertelsmann-stiftung.de\/de\/unsere-projekte\/change-learning\/projektnachrichten\/rund-21-billionen-euro-zusaetzliche-wirtschaftsleistung-durch-bessere-bildung\" target=\"_blank\" rel=\"noopener\">produktivsten \u00f6ffentlichen Investitionen<\/a>. Sie erh\u00f6hen das Arbeitskr\u00e4ftepotenzial, steigern Produktivit\u00e4t und stabilisieren langfristig die Staatsfinanzen.<\/p>\r\n<p>Kurzfristig erscheinen sie jedoch als Kostenfaktor in Haushalten, die bereits stark durch Pflichtausgaben gepr\u00e4gt sind. Treffen langfristig sinnvolle Investitionen auf begrenzte Mittel, dominiert h\u00e4ufig die kurzfristige Logik. Gute Bildung scheitert weniger an fehlender Einsicht als an institutionellen und finanziellen Mechanismen.<\/p>\r\n<p>Im Wahljahr gilt: Auf bildungspolitische Versprechen m\u00fcssen auch finanzielle Zusagen folgen. Reformen und neue Standards sind nur glaubw\u00fcrdig, wenn ebenso klar ist, wie und von wem sie dauerhaft finanziert werden. Bund und L\u00e4nder machen sich heute einen zu schmalen Fu\u00df.<a href=\"#_ftnref1\" name=\"_ftn1\"><\/a><\/p>\r\n<h4><strong>Unsere Leseempfehlungen:<\/strong>\u00a0<\/h4>\r\n<ul>\r\n<li>Unser neues <a href=\"https:\/\/dezernatzukunft.org\/en\/das-bildungsfinanzgeflecht\/\" target=\"_blank\" rel=\"noopener\">Hintergrundpapier<\/a>, in dem wir das Bildungsfinanzgeflecht entwirren, gibt es auf unserer Website.<\/li>\r\n<li>Die Bertelsmann Stiftung hat einen neuen Indikator f\u00fcr Kitas entwickelt: <a href=\"https:\/\/www.bertelsmann-stiftung.de\/de\/publikationen\/publikation\/did\/die-personalausstattungsquote-in-kitas\" target=\"_blank\" rel=\"noopener\">die Personalausstattungsquote<\/a>. Nur 17 Prozent der Betriebe sind demnach ausreichend mit Personal ausgestattet.<\/li>\r\n<li>Das IW K\u00f6ln hat sich in einer k\u00fcrzlich erschienenen Studie genauer mit dem <a href=\"https:\/\/www.iwkoeln.de\/presse\/pressemitteilungen\/wido-geis-thoene-150000-neue-ganztagsplaetze-in-westdeutschland-noetig.html\" target=\"_blank\" rel=\"noopener\">Bedarf an Ganztagspl\u00e4tzen<\/a> auseinandergesetzt.<\/li>\r\n<\/ul>\r\n<h4>Medienbericht 26.02.2026<\/h4>\r\n<p><strong>Medienerw\u00e4hnungen und Auftritte<\/strong><\/p>\r\n<ul>\r\n<li><strong>R\u00fcckblick<\/strong>\r\n<ul>\r\n<li>\u00dcber die <a href=\"https:\/\/dezernatzukunft.org\/en\/europes-trump-cards\/\" target=\"_blank\" rel=\"noopener\">Studie<\/a> des <strong>Dezernat Zukunft<\/strong> zu Europas Tr\u00fcmpfen gegen Trump wurde mehrfach berichtet: am 11.02.2026 bei <a href=\"https:\/\/www.zdfheute.de\/briefing\/epstein-deutsche-bank-handel-usa-eu-bitcoin-zdfheute-update-100.html\" target=\"_blank\" rel=\"noopener\">ZDFheute<\/a>, am 12.02.2026 in der <a href=\"https:\/\/www.sueddeutsche.de\/wirtschaft\/donald-trump-friedrich-merz-druckmittel-wirtschaft-li.3385844\" target=\"_blank\" rel=\"noopener\">SZ<\/a>, am 13.02.2026 im <a href=\"https:\/\/www.handelsblatt.com\/politik\/it-juso-chef-tuermer-fordert-abbau-der-abhaengigkeit-von-us-tech-konzernen\/100199744.html\" target=\"_blank\" rel=\"noopener\">Handelsblatt<\/a> und in der <a href=\"https:\/\/www.zeit.de\/politik\/deutschland\/2026-02\/europa-usa-donald-trump-dezernat-zukunft\" target=\"_blank\" rel=\"noopener\">ZEIT<\/a>, am 16.02.2026 bei <a href=\"https:\/\/europeancorrespondent.com\/en\/r\/make-europe-more-independent-from-the-us-with-these-three-steps\" target=\"_blank\" rel=\"noopener\">The European Correspondent<\/a>, am 17.02.2026 in der <a href=\"https:\/\/www.bild.de\/politik\/inland\/neue-studie-experten-enthuellen-trumps-wunden-punkt-69930856920e7fffb6a742e5\" target=\"_blank\" rel=\"noopener\">BILD<\/a>, am 18.02.2026 bei <a href=\"https:\/\/www.aol.de\/europas-tr%C3%BCmpfe-gegen-trump-so-050614815.html?guccounter=1\" target=\"_blank\" rel=\"noopener\">AOL<\/a> und <a href=\"https:\/\/www.news.de\/amp\/politik\/859357730\/donald-trump-studie-zeigt-europas-unterschaetzte-macht-usa-hat-schwachstellen-die-us-praesident-nicht-bedacht-hat\/1\/\" target=\"_blank\" rel=\"noopener\">news.de<\/a> und am 22.02.2026 in der <a href=\"https:\/\/www.ft.com\/content\/b92fd917-9f1b-4393-b96d-6d22ba757c72?accessToken=zwAGS45twEPgkdO5L9kXnxtDk9O5bW0iunV8cg.MEUCIQCVYTuN7NfrgGiWAxZr4SrIk420VtltiBDVAGnRe5g4wQIgGs2OeedvYCpPB6wYkb3Kc--BuaqpzSNNXkF-ePy2QSM&amp;sharetype=gift&amp;token=162fa67c-29a6-41d4-a129-de54801e8543\" target=\"_blank\" rel=\"noopener\">Financial Times<\/a>.<\/li>\r\n<li>Am 13.02.2026 erkl\u00e4rte <strong>Philippa Sigl-Gl\u00f6ckner<\/strong> bei <a href=\"https:\/\/www.instagram.com\/reel\/DUvowFUDNOY\/?utm_source=ig_web_copy_link\" target=\"_blank\" rel=\"noopener\">WELT TV<\/a>, warum die USA im Bereich Energie von Europa abh\u00e4ngig sind.<\/li>\r\n<li>Am 16.02.2026 war <strong>Philippa Sigl-Gl\u00f6ckner<\/strong> zu Gast im <a href=\"https:\/\/open.spotify.com\/episode\/7dk95Y9NRDN495lyQUIAjH?si=kpweUfnfR0yt6OX5VjndLg&amp;nd=1&amp;dlsi=1ce29c247e864f88\" target=\"_blank\" rel=\"noopener\">Podcast von Paul Ronzheimer<\/a> und sprach \u00fcber die M\u00fcnchener Sicherheitskonferenz und die <a href=\"https:\/\/dezernatzukunft.org\/en\/europes-trump-cards\/\" target=\"_blank\" rel=\"noopener\">Studie<\/a> des <strong>Dezernat Zukunft<\/strong> zu Europas Tr\u00fcmpfen gegen Trump.<\/li>\r\n<li>Am 17.02.2026 wurde <strong>Philippa Sigl-Gl\u00f6ckner<\/strong> in einem Beitrag des <a href=\"https:\/\/www.deutschlandfunk.de\/hintergrund-standort-deutschland-ist-deutschlands-wirtschaft-robuster-100.html\" target=\"_blank\" rel=\"noopener\">Deutschlandfunks<\/a> zur Lage der deutschen Wirtschaft zitiert.<\/li>\r\n<li>Am 18.02.2026 erschien beim <a href=\"https:\/\/www.deutschlandfunk.de\/wirtschaft-deutschland-krise-turnaround-auswege-100.html\" target=\"_blank\" rel=\"noopener\">Deutschlandfunk<\/a> ein Artikel zur Lage der deutschen Wirtschaft. Auch hier wurde <strong>Philippa Sigl-Gl\u00f6ckner\u00a0<\/strong>zitiert.\u00a0<\/li>\r\n<li>Am 20.02.2026 berichtete <a href=\"https:\/\/background.tagesspiegel.de\/energie-und-klima\/briefing\/sanierungskostendeckel-weist-weg-fuer-guenstigere-und-effizientere-beg\" target=\"_blank\" rel=\"noopener\">Tagesspiegel Background<\/a> exklusiv \u00fcber die <a href=\"https:\/\/dezernatzukunft.org\/en\/der-sanierungskostendeckel-2\/\" target=\"_blank\" rel=\"noopener\">Studie<\/a> des <strong>Dezernat Zukunft<\/strong> zum Sanierungskostendeckel. Weitere Erw\u00e4hnungen fand die Studie am 20.02.2026 bei <a href=\"https:\/\/www.energate-messenger.de\/news\/260157\/thinktank-schlaegt-sanierungskostendeckel-vor\" target=\"_blank\" rel=\"noopener\">energate messenger<\/a> und am 23.02 bei <a href=\"https:\/\/www.energie-und-management.de\/nachrichten\/alle\/detail\/thinktank-schlaegt-sanierungskostendeckel-als-reform-der-beg-vor-352753\" target=\"_blank\" rel=\"noopener\">Energie &amp; Management<\/a>.<\/li>\r\n<li>Am 20.02.2026 ver\u00f6ffentlichte <a href=\"https:\/\/www.focus.de\/politik\/ausland\/trump-ist-der-maechtigste-wie-wir-uns-trotzdem-wehren-koennen_d7641f2f-42df-443e-a2df-5c966fb20654.html\" target=\"_blank\" rel=\"noopener\">FOCUS online<\/a> einen Gastbeitrag von <strong>Philippa Sigl-Gl\u00f6ckner<\/strong> zu Europas Machthebeln gegen\u00fcber den USA.<\/li>\r\n<li>Am 21.02.2026 ver\u00f6ffentlichte <a href=\"https:\/\/table.media\/ceo\/tablestandpunkt\/europas-hebel-warum-der-kontinent-staerker-ist-als-er-glaubt?utm_source=share&amp;utm_medium=social&amp;utm_campaign=article_share\" target=\"_blank\" rel=\"noopener\">Table.Media<\/a> einen Gastbeitrag von <strong>Philippa Sigl-Gl\u00f6ckner<\/strong> zu Europas Machthebeln gegen\u00fcber den USA.<\/li>\r\n<li>Am 23.02.2026 berief sich <a href=\"https:\/\/background.tagesspiegel.de\/energie-und-klima\/briefing\/schneider-draengt-auf-rasche-anpassungen-im-ets-1\" target=\"_blank\" rel=\"noopener\">Tagesspiegel Background<\/a> in einem Artikel zum Emissionshandel auf Zahlen des <strong>Dezernat Zukunft<\/strong>.<\/li>\r\n<\/ul>\r\n<\/li>\r\n<li><strong>Ausblick<\/strong>\r\n<ul>\r\n<li>Am 10. Und 11. M\u00e4rz l\u00e4dt das <strong>Dezernat Zukunft<\/strong> gemeinsam mit der <strong>HU Berlin<\/strong>, der <strong>Universit\u00e4t Mannheim<\/strong> und dem <strong>Kiel Institut f\u00fcr Weltwirtschaft<\/strong> zur interdisziplin\u00e4ren Tagung <strong>\u201e\u00d6konomische Regeln \u2013 und ihre Grenzen\u201c <\/strong>ein. <a href=\"https:\/\/dezernatzukunft.org\/wp-content\/uploads\/2026\/02\/Oekonomische-Regeln-und-Ihre-Grenzen1.pdf\" target=\"_blank\" rel=\"noopener\">Hier<\/a> geht es zum Programm \u2013 und <a href=\"https:\/\/share-eu1.hsforms.com\/1iGBFTOLOQCerS5b-y3akgw2bmn09\" target=\"_blank\" rel=\"noopener\">hier<\/a> zur Anmeldung.<\/li>\r\n<\/ul>\r\n<\/li>\r\n<\/ul>\r\n<hr \/>\r\n<p><strong>Fu\u00dfnoten<\/strong><\/p>\r\n<p><a href=\"#_ftnref1\" name=\"_ftn1\">[1]<\/a> In der n\u00e4chsten Bildungsministerkonferenz am 26. M\u00e4rz 2026 werden die konkreten Handlungsfelder der l\u00e4nder- und bundesweiten Bem\u00fchungen vorgestellt.<\/p>\r\n<p><a href=\"#_ftnref2\" name=\"_ftn2\">[2]<\/a> Die Finanzierungsstruktur der Kinderbetreuung variiert erheblich zwischen den Bundesl\u00e4ndern, da die Aufteilung zwischen L\u00e4ndern und Kommunen landesrechtlich geregelt wird. W\u00e4hrend das Land in Baden-W\u00fcrttemberg 2024 rund <a href=\"https:\/\/www.destatis.de\/DE\/Themen\/Gesellschaft-Umwelt\/Bildung-Forschung-Kultur\/Bildungsfinanzen-Ausbildungsfoerderung\/Publikationen\/_publikationen-innen-bildungsfinanzbericht.html\" target=\"_blank\" rel=\"noopener\">28 Prozent<\/a> der \u00f6ffentlichen Kita-Finanzierung \u00fcbernahm, lag der Anteil in Mecklenburg-Vorpommern und Nordrhein-Westfalen bei etwa <a href=\"https:\/\/www.destatis.de\/DE\/Themen\/Gesellschaft-Umwelt\/Bildung-Forschung-Kultur\/Bildungsfinanzen-Ausbildungsfoerderung\/Publikationen\/_publikationen-innen-bildungsfinanzbericht.html\" target=\"_blank\" rel=\"noopener\">55 Prozent<\/a>.<\/p>\r\n<p><a href=\"#_ftnref3\" name=\"_ftn3\">[3]<\/a> In den letzten Jahren sind die fehlenden Kitapl\u00e4tze durch den starken Ausbau gesunken. Der Geburtenr\u00fcckgang f\u00fchrt zudem vor allem in ostdeutschen Bundesl\u00e4ndern zu einem punktuellen \u00dcberbedarf an Kitapl\u00e4tzen. Aktuell werden daher teilweise schon Erzieher:innen entlassen und Kitas schlie\u00dfen. Bildungsforscher:innen fordern immer wieder, dass die aktuelle Situation f\u00fcr eine Verbesserung der Qualit\u00e4t der fr\u00fchkindlichen Bildung genutzt werden sollte. Vor allem in Ostdeutschland sind die Personalschl\u00fcssel aktuell unter den bundesweiten Standards.<\/p>\r\n<p><a href=\"#_ftnref4\" name=\"_ftn4\">[4]<\/a> \u00dcber die Finanzbedarfe f\u00fcr Schulsozialarbeit gibt es aktuell noch keine belastbaren quantitativen Belege, da die Schulsozialarbeit kommunal sehr unterschiedlich organisiert ist. Sie ist allerdings essenziell f\u00fcr den Schulalltag. Daher sind unsere Finanzbedarfe als Mindeststandard anzusehen. \u00a0<\/p>\r\n<p><a href=\"#_ftnref5\" name=\"_ftn5\">[5]<\/a> Ein Beispiel hierf\u00fcr sind die Sprach-Kitas, die als Bundesprogramm gestartet wurden, nun aber wieder in der Verantwortung der L\u00e4nder liegen. Aus finanziellen Gr\u00fcnden haben einige L\u00e4nder dieses wichtige Programm allerdings beendet.<\/p>\r\n<p class=\"executivesum\" style=\"border-left: 8px solid #ee6174; text-align: center;\"><em><i data-stringify-type=\"italic\">Der <strong>Geldbrief<\/strong> ist unser Newsletter zu aktuellen Fragen der Wirtschafts-, Fiskal- und Geldpolitik. \u00dcber Feedback und Anregungen freuen wir uns. Zusendung an hanna.merki[at]dezernatzukunft.org<\/i><\/em><\/p>\r\n<hr \/>\r\n<p>&nbsp;<\/p>","protected":false},"excerpt":{"rendered":"<p>Alle Wahljahre wieder: leere Bildungsversprechen. Unser Papier untersucht die Finanzierungsstrukturen von Kita und Schule.<\/p>\n","protected":false},"author":100,"featured_media":79023,"comment_status":"closed","ping_status":"closed","sticky":false,"template":"","format":"standard","meta":{"_acf_changed":false,"footnotes":"","_links_to":"","_links_to_target":""},"categories":[161],"tags":[55,387,400,432,292],"class_list":["post-79044","post","type-post","status-publish","format-standard","has-post-thumbnail","hentry","category-geldbrief-en","tag-fiscal-policy","tag-fsj-en","tag-gbl-en","tag-hm-en","tag-laender-und-kommunen-en"],"acf":[],"yoast_head":"<!-- This site is optimized with the Yoast SEO plugin v26.8 - https:\/\/yoast.com\/product\/yoast-seo-wordpress\/ -->\n<title>Bildungsfinanzchaos: Wer bestellt, bezahlt meist nicht - Dezernat Zukunft<\/title>\n<meta name=\"description\" content=\"Alle Wahljahre wieder: leere Bildungsversprechen. Unser Papier untersucht die Finanzierungsstrukturen von Kita und Schule\" \/>\n<meta name=\"robots\" content=\"index, follow, max-snippet:-1, max-image-preview:large, max-video-preview:-1\" \/>\n<link rel=\"canonical\" href=\"https:\/\/dezernatzukunft.org\/en\/bildungsfinanzchaos-wer-bestellt-bezahlt-meist-nicht\/\" \/>\n<meta property=\"og:locale\" content=\"en_US\" \/>\n<meta property=\"og:type\" content=\"article\" \/>\n<meta property=\"og:title\" content=\"Bildungsfinanzchaos: Wer bestellt, bezahlt meist nicht - Dezernat Zukunft\" \/>\n<meta property=\"og:description\" content=\"Alle Wahljahre wieder: leere Bildungsversprechen. Unser Papier untersucht die Finanzierungsstrukturen von Kita und Schule\" \/>\n<meta property=\"og:url\" content=\"https:\/\/dezernatzukunft.org\/en\/bildungsfinanzchaos-wer-bestellt-bezahlt-meist-nicht\/\" \/>\n<meta property=\"og:site_name\" content=\"Dezernat Zukunft\" \/>\n<meta property=\"article:published_time\" content=\"2026-02-26T15:44:13+00:00\" \/>\n<meta property=\"article:modified_time\" content=\"2026-02-26T16:01:34+00:00\" \/>\n<meta property=\"og:image\" content=\"https:\/\/dezernatzukunft.org\/wp-content\/uploads\/2026\/02\/260225_GB113_Websitebeitrag_KE.png\" \/>\n\t<meta property=\"og:image:width\" content=\"1600\" \/>\n\t<meta property=\"og:image:height\" content=\"933\" \/>\n\t<meta property=\"og:image:type\" content=\"image\/png\" \/>\n<meta name=\"author\" content=\"Hanna Merki\" \/>\n<meta name=\"twitter:card\" content=\"summary_large_image\" \/>\n<meta name=\"twitter:creator\" content=\"@DezernatZ\" \/>\n<meta name=\"twitter:site\" content=\"@DezernatZ\" \/>\n<meta name=\"twitter:label1\" content=\"Written by\" \/>\n\t<meta name=\"twitter:data1\" content=\"Hanna Merki\" \/>\n\t<meta name=\"twitter:label2\" content=\"Est. reading time\" \/>\n\t<meta name=\"twitter:data2\" content=\"8 minutes\" \/>\n<script type=\"application\/ld+json\" class=\"yoast-schema-graph\">{\"@context\":\"https:\/\/schema.org\",\"@graph\":[{\"@type\":\"Article\",\"@id\":\"https:\/\/dezernatzukunft.org\/en\/bildungsfinanzchaos-wer-bestellt-bezahlt-meist-nicht\/#article\",\"isPartOf\":{\"@id\":\"https:\/\/dezernatzukunft.org\/en\/bildungsfinanzchaos-wer-bestellt-bezahlt-meist-nicht\/\"},\"author\":{\"name\":\"Hanna Merki\",\"@id\":\"https:\/\/dezernatzukunft.org\/#\/schema\/person\/003d872c35f32bc249c2721bfe63af59\"},\"headline\":\"Bildungsfinanzchaos: Wer bestellt, bezahlt meist nicht\",\"datePublished\":\"2026-02-26T15:44:13+00:00\",\"dateModified\":\"2026-02-26T16:01:34+00:00\",\"mainEntityOfPage\":{\"@id\":\"https:\/\/dezernatzukunft.org\/en\/bildungsfinanzchaos-wer-bestellt-bezahlt-meist-nicht\/\"},\"wordCount\":1419,\"publisher\":{\"@id\":\"https:\/\/dezernatzukunft.org\/#organization\"},\"image\":{\"@id\":\"https:\/\/dezernatzukunft.org\/en\/bildungsfinanzchaos-wer-bestellt-bezahlt-meist-nicht\/#primaryimage\"},\"thumbnailUrl\":\"https:\/\/dezernatzukunft.org\/wp-content\/uploads\/2026\/02\/260225_GB113_Websitebeitrag_KE.png\",\"keywords\":[\"Fiscal Policy\",\"FSJ\",\"GBL\",\"HM\",\"L\u00e4nder und Kommunen\"],\"articleSection\":[\"Geldbrief\"],\"inLanguage\":\"en-US\"},{\"@type\":\"WebPage\",\"@id\":\"https:\/\/dezernatzukunft.org\/en\/bildungsfinanzchaos-wer-bestellt-bezahlt-meist-nicht\/\",\"url\":\"https:\/\/dezernatzukunft.org\/en\/bildungsfinanzchaos-wer-bestellt-bezahlt-meist-nicht\/\",\"name\":\"Bildungsfinanzchaos: Wer bestellt, bezahlt meist nicht - Dezernat Zukunft\",\"isPartOf\":{\"@id\":\"https:\/\/dezernatzukunft.org\/#website\"},\"primaryImageOfPage\":{\"@id\":\"https:\/\/dezernatzukunft.org\/en\/bildungsfinanzchaos-wer-bestellt-bezahlt-meist-nicht\/#primaryimage\"},\"image\":{\"@id\":\"https:\/\/dezernatzukunft.org\/en\/bildungsfinanzchaos-wer-bestellt-bezahlt-meist-nicht\/#primaryimage\"},\"thumbnailUrl\":\"https:\/\/dezernatzukunft.org\/wp-content\/uploads\/2026\/02\/260225_GB113_Websitebeitrag_KE.png\",\"datePublished\":\"2026-02-26T15:44:13+00:00\",\"dateModified\":\"2026-02-26T16:01:34+00:00\",\"description\":\"Alle Wahljahre wieder: leere Bildungsversprechen. Unser Papier untersucht die Finanzierungsstrukturen von Kita und Schule\",\"breadcrumb\":{\"@id\":\"https:\/\/dezernatzukunft.org\/en\/bildungsfinanzchaos-wer-bestellt-bezahlt-meist-nicht\/#breadcrumb\"},\"inLanguage\":\"en-US\",\"potentialAction\":[{\"@type\":\"ReadAction\",\"target\":[\"https:\/\/dezernatzukunft.org\/en\/bildungsfinanzchaos-wer-bestellt-bezahlt-meist-nicht\/\"]}]},{\"@type\":\"ImageObject\",\"inLanguage\":\"en-US\",\"@id\":\"https:\/\/dezernatzukunft.org\/en\/bildungsfinanzchaos-wer-bestellt-bezahlt-meist-nicht\/#primaryimage\",\"url\":\"https:\/\/dezernatzukunft.org\/wp-content\/uploads\/2026\/02\/260225_GB113_Websitebeitrag_KE.png\",\"contentUrl\":\"https:\/\/dezernatzukunft.org\/wp-content\/uploads\/2026\/02\/260225_GB113_Websitebeitrag_KE.png\",\"width\":1600,\"height\":933},{\"@type\":\"BreadcrumbList\",\"@id\":\"https:\/\/dezernatzukunft.org\/en\/bildungsfinanzchaos-wer-bestellt-bezahlt-meist-nicht\/#breadcrumb\",\"itemListElement\":[{\"@type\":\"ListItem\",\"position\":1,\"name\":\"Home\",\"item\":\"https:\/\/dezernatzukunft.org\/en\/home_en\/\"},{\"@type\":\"ListItem\",\"position\":2,\"name\":\"Bildungsfinanzchaos: Wer bestellt, bezahlt meist nicht\"}]},{\"@type\":\"WebSite\",\"@id\":\"https:\/\/dezernatzukunft.org\/#website\",\"url\":\"https:\/\/dezernatzukunft.org\/\",\"name\":\"Dezernat Zukunft\",\"description\":\"Institut f\u00fcr Makrofinanzen\",\"publisher\":{\"@id\":\"https:\/\/dezernatzukunft.org\/#organization\"},\"potentialAction\":[{\"@type\":\"SearchAction\",\"target\":{\"@type\":\"EntryPoint\",\"urlTemplate\":\"https:\/\/dezernatzukunft.org\/?s={search_term_string}\"},\"query-input\":{\"@type\":\"PropertyValueSpecification\",\"valueRequired\":true,\"valueName\":\"search_term_string\"}}],\"inLanguage\":\"en-US\"},{\"@type\":\"Organization\",\"@id\":\"https:\/\/dezernatzukunft.org\/#organization\",\"name\":\"Dezernat Zukunft\",\"url\":\"https:\/\/dezernatzukunft.org\/\",\"logo\":{\"@type\":\"ImageObject\",\"inLanguage\":\"en-US\",\"@id\":\"https:\/\/dezernatzukunft.org\/#\/schema\/logo\/image\/\",\"url\":\"https:\/\/dezernatzukunft.org\/wp-content\/uploads\/2022\/05\/Dezernat_Zukunft-01_Zeichenfla\u0308che-1.png\",\"contentUrl\":\"https:\/\/dezernatzukunft.org\/wp-content\/uploads\/2022\/05\/Dezernat_Zukunft-01_Zeichenfla\u0308che-1.png\",\"width\":966,\"height\":167,\"caption\":\"Dezernat Zukunft\"},\"image\":{\"@id\":\"https:\/\/dezernatzukunft.org\/#\/schema\/logo\/image\/\"},\"sameAs\":[\"https:\/\/x.com\/DezernatZ\"]},{\"@type\":\"Person\",\"@id\":\"https:\/\/dezernatzukunft.org\/#\/schema\/person\/003d872c35f32bc249c2721bfe63af59\",\"name\":\"Hanna Merki\",\"url\":\"https:\/\/dezernatzukunft.org\/en\/author\/hannamerki\/\"}]}<\/script>\n<!-- \/ Yoast SEO plugin. -->","yoast_head_json":{"title":"Bildungsfinanzchaos: Wer bestellt, bezahlt meist nicht - Dezernat Zukunft","description":"Alle Wahljahre wieder: leere Bildungsversprechen. Unser Papier untersucht die Finanzierungsstrukturen von Kita und Schule","robots":{"index":"index","follow":"follow","max-snippet":"max-snippet:-1","max-image-preview":"max-image-preview:large","max-video-preview":"max-video-preview:-1"},"canonical":"https:\/\/dezernatzukunft.org\/en\/bildungsfinanzchaos-wer-bestellt-bezahlt-meist-nicht\/","og_locale":"en_US","og_type":"article","og_title":"Bildungsfinanzchaos: Wer bestellt, bezahlt meist nicht - Dezernat Zukunft","og_description":"Alle Wahljahre wieder: leere Bildungsversprechen. Unser Papier untersucht die Finanzierungsstrukturen von Kita und Schule","og_url":"https:\/\/dezernatzukunft.org\/en\/bildungsfinanzchaos-wer-bestellt-bezahlt-meist-nicht\/","og_site_name":"Dezernat Zukunft","article_published_time":"2026-02-26T15:44:13+00:00","article_modified_time":"2026-02-26T16:01:34+00:00","og_image":[{"width":1600,"height":933,"url":"https:\/\/dezernatzukunft.org\/wp-content\/uploads\/2026\/02\/260225_GB113_Websitebeitrag_KE.png","type":"image\/png"}],"author":"Hanna Merki","twitter_card":"summary_large_image","twitter_creator":"@DezernatZ","twitter_site":"@DezernatZ","twitter_misc":{"Written by":"Hanna Merki","Est. reading time":"8 minutes"},"schema":{"@context":"https:\/\/schema.org","@graph":[{"@type":"Article","@id":"https:\/\/dezernatzukunft.org\/en\/bildungsfinanzchaos-wer-bestellt-bezahlt-meist-nicht\/#article","isPartOf":{"@id":"https:\/\/dezernatzukunft.org\/en\/bildungsfinanzchaos-wer-bestellt-bezahlt-meist-nicht\/"},"author":{"name":"Hanna Merki","@id":"https:\/\/dezernatzukunft.org\/#\/schema\/person\/003d872c35f32bc249c2721bfe63af59"},"headline":"Bildungsfinanzchaos: Wer bestellt, bezahlt meist nicht","datePublished":"2026-02-26T15:44:13+00:00","dateModified":"2026-02-26T16:01:34+00:00","mainEntityOfPage":{"@id":"https:\/\/dezernatzukunft.org\/en\/bildungsfinanzchaos-wer-bestellt-bezahlt-meist-nicht\/"},"wordCount":1419,"publisher":{"@id":"https:\/\/dezernatzukunft.org\/#organization"},"image":{"@id":"https:\/\/dezernatzukunft.org\/en\/bildungsfinanzchaos-wer-bestellt-bezahlt-meist-nicht\/#primaryimage"},"thumbnailUrl":"https:\/\/dezernatzukunft.org\/wp-content\/uploads\/2026\/02\/260225_GB113_Websitebeitrag_KE.png","keywords":["Fiscal Policy","FSJ","GBL","HM","L\u00e4nder und Kommunen"],"articleSection":["Geldbrief"],"inLanguage":"en-US"},{"@type":"WebPage","@id":"https:\/\/dezernatzukunft.org\/en\/bildungsfinanzchaos-wer-bestellt-bezahlt-meist-nicht\/","url":"https:\/\/dezernatzukunft.org\/en\/bildungsfinanzchaos-wer-bestellt-bezahlt-meist-nicht\/","name":"Bildungsfinanzchaos: Wer bestellt, bezahlt meist nicht - Dezernat Zukunft","isPartOf":{"@id":"https:\/\/dezernatzukunft.org\/#website"},"primaryImageOfPage":{"@id":"https:\/\/dezernatzukunft.org\/en\/bildungsfinanzchaos-wer-bestellt-bezahlt-meist-nicht\/#primaryimage"},"image":{"@id":"https:\/\/dezernatzukunft.org\/en\/bildungsfinanzchaos-wer-bestellt-bezahlt-meist-nicht\/#primaryimage"},"thumbnailUrl":"https:\/\/dezernatzukunft.org\/wp-content\/uploads\/2026\/02\/260225_GB113_Websitebeitrag_KE.png","datePublished":"2026-02-26T15:44:13+00:00","dateModified":"2026-02-26T16:01:34+00:00","description":"Alle Wahljahre wieder: leere Bildungsversprechen. Unser Papier untersucht die Finanzierungsstrukturen von Kita und Schule","breadcrumb":{"@id":"https:\/\/dezernatzukunft.org\/en\/bildungsfinanzchaos-wer-bestellt-bezahlt-meist-nicht\/#breadcrumb"},"inLanguage":"en-US","potentialAction":[{"@type":"ReadAction","target":["https:\/\/dezernatzukunft.org\/en\/bildungsfinanzchaos-wer-bestellt-bezahlt-meist-nicht\/"]}]},{"@type":"ImageObject","inLanguage":"en-US","@id":"https:\/\/dezernatzukunft.org\/en\/bildungsfinanzchaos-wer-bestellt-bezahlt-meist-nicht\/#primaryimage","url":"https:\/\/dezernatzukunft.org\/wp-content\/uploads\/2026\/02\/260225_GB113_Websitebeitrag_KE.png","contentUrl":"https:\/\/dezernatzukunft.org\/wp-content\/uploads\/2026\/02\/260225_GB113_Websitebeitrag_KE.png","width":1600,"height":933},{"@type":"BreadcrumbList","@id":"https:\/\/dezernatzukunft.org\/en\/bildungsfinanzchaos-wer-bestellt-bezahlt-meist-nicht\/#breadcrumb","itemListElement":[{"@type":"ListItem","position":1,"name":"Home","item":"https:\/\/dezernatzukunft.org\/en\/home_en\/"},{"@type":"ListItem","position":2,"name":"Bildungsfinanzchaos: Wer bestellt, bezahlt meist nicht"}]},{"@type":"WebSite","@id":"https:\/\/dezernatzukunft.org\/#website","url":"https:\/\/dezernatzukunft.org\/","name":"Dezernat Zukunft","description":"Institut f\u00fcr Makrofinanzen","publisher":{"@id":"https:\/\/dezernatzukunft.org\/#organization"},"potentialAction":[{"@type":"SearchAction","target":{"@type":"EntryPoint","urlTemplate":"https:\/\/dezernatzukunft.org\/?s={search_term_string}"},"query-input":{"@type":"PropertyValueSpecification","valueRequired":true,"valueName":"search_term_string"}}],"inLanguage":"en-US"},{"@type":"Organization","@id":"https:\/\/dezernatzukunft.org\/#organization","name":"Dezernat Zukunft","url":"https:\/\/dezernatzukunft.org\/","logo":{"@type":"ImageObject","inLanguage":"en-US","@id":"https:\/\/dezernatzukunft.org\/#\/schema\/logo\/image\/","url":"https:\/\/dezernatzukunft.org\/wp-content\/uploads\/2022\/05\/Dezernat_Zukunft-01_Zeichenfla\u0308che-1.png","contentUrl":"https:\/\/dezernatzukunft.org\/wp-content\/uploads\/2022\/05\/Dezernat_Zukunft-01_Zeichenfla\u0308che-1.png","width":966,"height":167,"caption":"Dezernat Zukunft"},"image":{"@id":"https:\/\/dezernatzukunft.org\/#\/schema\/logo\/image\/"},"sameAs":["https:\/\/x.com\/DezernatZ"]},{"@type":"Person","@id":"https:\/\/dezernatzukunft.org\/#\/schema\/person\/003d872c35f32bc249c2721bfe63af59","name":"Hanna Merki","url":"https:\/\/dezernatzukunft.org\/en\/author\/hannamerki\/"}]}},"_links":{"self":[{"href":"https:\/\/dezernatzukunft.org\/en\/wp-json\/wp\/v2\/posts\/79044","targetHints":{"allow":["GET"]}}],"collection":[{"href":"https:\/\/dezernatzukunft.org\/en\/wp-json\/wp\/v2\/posts"}],"about":[{"href":"https:\/\/dezernatzukunft.org\/en\/wp-json\/wp\/v2\/types\/post"}],"author":[{"embeddable":true,"href":"https:\/\/dezernatzukunft.org\/en\/wp-json\/wp\/v2\/users\/100"}],"replies":[{"embeddable":true,"href":"https:\/\/dezernatzukunft.org\/en\/wp-json\/wp\/v2\/comments?post=79044"}],"version-history":[{"count":2,"href":"https:\/\/dezernatzukunft.org\/en\/wp-json\/wp\/v2\/posts\/79044\/revisions"}],"predecessor-version":[{"id":79048,"href":"https:\/\/dezernatzukunft.org\/en\/wp-json\/wp\/v2\/posts\/79044\/revisions\/79048"}],"wp:featuredmedia":[{"embeddable":true,"href":"https:\/\/dezernatzukunft.org\/en\/wp-json\/wp\/v2\/media\/79023"}],"wp:attachment":[{"href":"https:\/\/dezernatzukunft.org\/en\/wp-json\/wp\/v2\/media?parent=79044"}],"wp:term":[{"taxonomy":"category","embeddable":true,"href":"https:\/\/dezernatzukunft.org\/en\/wp-json\/wp\/v2\/categories?post=79044"},{"taxonomy":"post_tag","embeddable":true,"href":"https:\/\/dezernatzukunft.org\/en\/wp-json\/wp\/v2\/tags?post=79044"}],"curies":[{"name":"wp","href":"https:\/\/api.w.org\/{rel}","templated":true}]}}