{"id":78246,"date":"2025-11-07T07:28:21","date_gmt":"2025-11-07T06:28:21","guid":{"rendered":"https:\/\/dezernatzukunft.org\/?p=78246"},"modified":"2026-04-14T14:40:53","modified_gmt":"2026-04-14T12:40:53","slug":"stellungnahme-vor-dem-ausschuss-fur-wirtschaft-und-energie-des-deutschen-bundestags","status":"publish","type":"post","link":"https:\/\/dezernatzukunft.org\/en\/stellungnahme-vor-dem-ausschuss-fur-wirtschaft-und-energie-des-deutschen-bundestags\/","title":{"rendered":"Stellungnahme vor dem Ausschuss f\u00fcr Wirtschaft und Energie des Deutschen Bundestags"},"content":{"rendered":"<p><strong><a href=\"mailto:janek.steitz@dezernatzukunft.org\">Janek Steitz<\/a><\/strong><\/p>\r\n\r\n<p><a class=\"testbutton\" href=\"https:\/\/dezernatzukunft.org\/en\/stellungnahme_dezernat_zukunft_ev-2\/\" target=\"_blank\" rel=\"noopener\"> Download PDF <\/a><\/p>\r\n\r\n<p class=\"executivesum\" style=\"border-left: 8px solid #ee6174; text-align: left;\">Janek Steitz war eingeladen zu dem Gesetzentwurf der Bundesregierung f\u00fcr einen Zuschuss zu den \u00dcbertragungsnetzkosten f\u00fcr das Jahr 2026 Stellung zu nehmen. Die Aufzeichnung findet ihr <a href=\"https:\/\/www.bundestag.de\/dokumente\/textarchiv\/2025\/kw45-pa-wirtschaft-montag-1117626\" target=\"_blank\" rel=\"noopener\">hier<\/a>.<\/p>\r\n<h4>Kernaussagen<\/h4>\r\n<ol>\r\n<li data-stringify-indent=\"0\" data-stringify-border=\"0\">Die \u00dcbertragungsnetzentgelte wie geplant mit 6,5 Milliarden Euro zu bezuschussen, ist eine pragmatische L\u00f6sung, um 2026 Stromkosten f\u00fcr Industrie und Haushalte zu d\u00e4mpfen.<\/li>\r\n<li data-stringify-indent=\"0\" data-stringify-border=\"0\">\u00dcber den KTF zu finanzieren ist gerechtfertigt, da hohe Netzentgelte auch mit Klimaschutz begr\u00fcndbar sind und der Zuschuss Anreize schafft zu elektrifizieren. Zudem flie\u00dfen die Mittel zu langsam ab.<\/li>\r\n<li data-stringify-indent=\"0\" data-stringify-border=\"0\">Die Zusch\u00fcsse pauschal \u00fcber 2026 hinaus zu verl\u00e4ngern, ist fragw\u00fcrdig. Statt dauerhafter Subventionen braucht es strukturelle Ma\u00dfnahmen, um Energiesystemkosten zu senken. Im \u00dcbergang zu entlasten bleibt sinnvoll, aber dies sollte zielgerichteter passieren.<\/li>\r\n<\/ol>\r\n<p class=\"executivesum\" style=\"border-left: 8px solid #ee6174; text-align: center;\"><em>Um \u00fcber unsere weiteren Ver\u00f6ffentlichungen auf dem Laufenden zu bleiben, abonniert gerne unseren<\/em><a href=\"https:\/\/dezernatzukunft.us18.list-manage.com\/subscribe?u=e80f99448e2133d2d0099e4cb&amp;id=2a7db2a8a7\"><em> Newsletter<\/em><\/a><em>. <\/em><\/p>","protected":false},"excerpt":{"rendered":"<p>Eine pauschale Verl\u00e4ngerung der Zusch\u00fcsse \u00fcber 2026 hinaus ist kritisch zu hinterfragen.<\/p>\n","protected":false},"author":57,"featured_media":78239,"comment_status":"closed","ping_status":"closed","sticky":false,"template":"","format":"standard","meta":{"_acf_changed":false,"footnotes":"","_links_to":"","_links_to_target":""},"categories":[194],"tags":[287,265],"class_list":["post-78246","post","type-post","status-publish","format-standard","has-post-thumbnail","hentry","category-papers","tag-js-en","tag-klima-en"],"acf":[],"yoast_head":"<!-- This site is optimized with the Yoast SEO plugin v26.8 - https:\/\/yoast.com\/product\/yoast-seo-wordpress\/ -->\n<title>Stellungnahme vor dem Ausschuss f\u00fcr Wirtschaft und Energie des Deutschen Bundestags - Dezernat Zukunft<\/title>\n<meta name=\"description\" content=\"Eine pauschale Verl\u00e4ngerung der Zusch\u00fcsse \u00fcber 2026 hinaus ist kritisch zu hinterfragen.\" \/>\n<meta name=\"robots\" content=\"index, follow, max-snippet:-1, max-image-preview:large, max-video-preview:-1\" \/>\n<link rel=\"canonical\" href=\"https:\/\/dezernatzukunft.org\/en\/stellungnahme-vor-dem-ausschuss-fur-wirtschaft-und-energie-des-deutschen-bundestags\/\" \/>\n<meta property=\"og:locale\" content=\"en_US\" \/>\n<meta property=\"og:type\" content=\"article\" \/>\n<meta property=\"og:title\" content=\"Stellungnahme vor dem Ausschuss f\u00fcr Wirtschaft und Energie des Deutschen Bundestags - Dezernat Zukunft\" \/>\n<meta property=\"og:description\" content=\"Eine pauschale Verl\u00e4ngerung der Zusch\u00fcsse \u00fcber 2026 hinaus ist kritisch zu hinterfragen.\" \/>\n<meta property=\"og:url\" content=\"https:\/\/dezernatzukunft.org\/en\/stellungnahme-vor-dem-ausschuss-fur-wirtschaft-und-energie-des-deutschen-bundestags\/\" \/>\n<meta property=\"og:site_name\" content=\"Dezernat Zukunft\" \/>\n<meta property=\"article:published_time\" content=\"2025-11-07T06:28:21+00:00\" \/>\n<meta property=\"article:modified_time\" content=\"2026-04-14T12:40:53+00:00\" \/>\n<meta property=\"og:image\" content=\"https:\/\/dezernatzukunft.org\/wp-content\/uploads\/2025\/11\/20251106_K33_Websitebeitrag_vd1_KE-1.png\" \/>\n\t<meta property=\"og:image:width\" content=\"1600\" \/>\n\t<meta property=\"og:image:height\" content=\"933\" \/>\n\t<meta property=\"og:image:type\" content=\"image\/png\" \/>\n<meta name=\"author\" content=\"Janek Steitz\" \/>\n<meta name=\"twitter:card\" content=\"summary_large_image\" \/>\n<meta name=\"twitter:creator\" content=\"@DezernatZ\" \/>\n<meta name=\"twitter:site\" content=\"@DezernatZ\" \/>\n<meta name=\"twitter:label1\" content=\"Written by\" \/>\n\t<meta name=\"twitter:data1\" content=\"Janek Steitz\" \/>\n\t<meta name=\"twitter:label2\" content=\"Est. reading time\" \/>\n\t<meta name=\"twitter:data2\" content=\"1 minute\" \/>\n<script type=\"application\/ld+json\" class=\"yoast-schema-graph\">{\"@context\":\"https:\/\/schema.org\",\"@graph\":[{\"@type\":\"Article\",\"@id\":\"https:\/\/dezernatzukunft.org\/en\/stellungnahme-vor-dem-ausschuss-fur-wirtschaft-und-energie-des-deutschen-bundestags\/#article\",\"isPartOf\":{\"@id\":\"https:\/\/dezernatzukunft.org\/en\/stellungnahme-vor-dem-ausschuss-fur-wirtschaft-und-energie-des-deutschen-bundestags\/\"},\"author\":{\"name\":\"Janek Steitz\",\"@id\":\"https:\/\/dezernatzukunft.org\/#\/schema\/person\/159d675c662767629c2dc71dd0b0b124\"},\"headline\":\"Stellungnahme vor dem Ausschuss f\u00fcr Wirtschaft und Energie des Deutschen Bundestags\",\"datePublished\":\"2025-11-07T06:28:21+00:00\",\"dateModified\":\"2026-04-14T12:40:53+00:00\",\"mainEntityOfPage\":{\"@id\":\"https:\/\/dezernatzukunft.org\/en\/stellungnahme-vor-dem-ausschuss-fur-wirtschaft-und-energie-des-deutschen-bundestags\/\"},\"wordCount\":150,\"publisher\":{\"@id\":\"https:\/\/dezernatzukunft.org\/#organization\"},\"image\":{\"@id\":\"https:\/\/dezernatzukunft.org\/en\/stellungnahme-vor-dem-ausschuss-fur-wirtschaft-und-energie-des-deutschen-bundestags\/#primaryimage\"},\"thumbnailUrl\":\"https:\/\/dezernatzukunft.org\/wp-content\/uploads\/2025\/11\/20251106_K33_Websitebeitrag_vd1_KE-1.png\",\"keywords\":[\"JS\",\"Klima\"],\"articleSection\":[\"Papers\"],\"inLanguage\":\"en-US\"},{\"@type\":\"WebPage\",\"@id\":\"https:\/\/dezernatzukunft.org\/en\/stellungnahme-vor-dem-ausschuss-fur-wirtschaft-und-energie-des-deutschen-bundestags\/\",\"url\":\"https:\/\/dezernatzukunft.org\/en\/stellungnahme-vor-dem-ausschuss-fur-wirtschaft-und-energie-des-deutschen-bundestags\/\",\"name\":\"Stellungnahme vor dem Ausschuss f\u00fcr Wirtschaft und Energie des Deutschen Bundestags - Dezernat Zukunft\",\"isPartOf\":{\"@id\":\"https:\/\/dezernatzukunft.org\/#website\"},\"primaryImageOfPage\":{\"@id\":\"https:\/\/dezernatzukunft.org\/en\/stellungnahme-vor-dem-ausschuss-fur-wirtschaft-und-energie-des-deutschen-bundestags\/#primaryimage\"},\"image\":{\"@id\":\"https:\/\/dezernatzukunft.org\/en\/stellungnahme-vor-dem-ausschuss-fur-wirtschaft-und-energie-des-deutschen-bundestags\/#primaryimage\"},\"thumbnailUrl\":\"https:\/\/dezernatzukunft.org\/wp-content\/uploads\/2025\/11\/20251106_K33_Websitebeitrag_vd1_KE-1.png\",\"datePublished\":\"2025-11-07T06:28:21+00:00\",\"dateModified\":\"2026-04-14T12:40:53+00:00\",\"description\":\"Eine pauschale Verl\u00e4ngerung der Zusch\u00fcsse \u00fcber 2026 hinaus ist kritisch zu hinterfragen.\",\"breadcrumb\":{\"@id\":\"https:\/\/dezernatzukunft.org\/en\/stellungnahme-vor-dem-ausschuss-fur-wirtschaft-und-energie-des-deutschen-bundestags\/#breadcrumb\"},\"inLanguage\":\"en-US\",\"potentialAction\":[{\"@type\":\"ReadAction\",\"target\":[\"https:\/\/dezernatzukunft.org\/en\/stellungnahme-vor-dem-ausschuss-fur-wirtschaft-und-energie-des-deutschen-bundestags\/\"]}]},{\"@type\":\"ImageObject\",\"inLanguage\":\"en-US\",\"@id\":\"https:\/\/dezernatzukunft.org\/en\/stellungnahme-vor-dem-ausschuss-fur-wirtschaft-und-energie-des-deutschen-bundestags\/#primaryimage\",\"url\":\"https:\/\/dezernatzukunft.org\/wp-content\/uploads\/2025\/11\/20251106_K33_Websitebeitrag_vd1_KE-1.png\",\"contentUrl\":\"https:\/\/dezernatzukunft.org\/wp-content\/uploads\/2025\/11\/20251106_K33_Websitebeitrag_vd1_KE-1.png\",\"width\":1600,\"height\":933},{\"@type\":\"BreadcrumbList\",\"@id\":\"https:\/\/dezernatzukunft.org\/en\/stellungnahme-vor-dem-ausschuss-fur-wirtschaft-und-energie-des-deutschen-bundestags\/#breadcrumb\",\"itemListElement\":[{\"@type\":\"ListItem\",\"position\":1,\"name\":\"Home\",\"item\":\"https:\/\/dezernatzukunft.org\/en\/home_en\/\"},{\"@type\":\"ListItem\",\"position\":2,\"name\":\"Stellungnahme vor dem Ausschuss f\u00fcr Wirtschaft und Energie des Deutschen Bundestags\"}]},{\"@type\":\"WebSite\",\"@id\":\"https:\/\/dezernatzukunft.org\/#website\",\"url\":\"https:\/\/dezernatzukunft.org\/\",\"name\":\"Dezernat Zukunft\",\"description\":\"Institut f\u00fcr Makrofinanzen\",\"publisher\":{\"@id\":\"https:\/\/dezernatzukunft.org\/#organization\"},\"potentialAction\":[{\"@type\":\"SearchAction\",\"target\":{\"@type\":\"EntryPoint\",\"urlTemplate\":\"https:\/\/dezernatzukunft.org\/?s={search_term_string}\"},\"query-input\":{\"@type\":\"PropertyValueSpecification\",\"valueRequired\":true,\"valueName\":\"search_term_string\"}}],\"inLanguage\":\"en-US\"},{\"@type\":\"Organization\",\"@id\":\"https:\/\/dezernatzukunft.org\/#organization\",\"name\":\"Dezernat Zukunft\",\"url\":\"https:\/\/dezernatzukunft.org\/\",\"logo\":{\"@type\":\"ImageObject\",\"inLanguage\":\"en-US\",\"@id\":\"https:\/\/dezernatzukunft.org\/#\/schema\/logo\/image\/\",\"url\":\"https:\/\/dezernatzukunft.org\/wp-content\/uploads\/2022\/05\/Dezernat_Zukunft-01_Zeichenfla\u0308che-1.png\",\"contentUrl\":\"https:\/\/dezernatzukunft.org\/wp-content\/uploads\/2022\/05\/Dezernat_Zukunft-01_Zeichenfla\u0308che-1.png\",\"width\":966,\"height\":167,\"caption\":\"Dezernat Zukunft\"},\"image\":{\"@id\":\"https:\/\/dezernatzukunft.org\/#\/schema\/logo\/image\/\"},\"sameAs\":[\"https:\/\/x.com\/DezernatZ\"]},{\"@type\":\"Person\",\"@id\":\"https:\/\/dezernatzukunft.org\/#\/schema\/person\/159d675c662767629c2dc71dd0b0b124\",\"name\":\"Janek Steitz\",\"url\":\"https:\/\/dezernatzukunft.org\/en\/author\/janek-steitz\/\"}]}<\/script>\n<!-- \/ Yoast SEO plugin. -->","yoast_head_json":{"title":"Stellungnahme vor dem Ausschuss f\u00fcr Wirtschaft und Energie des Deutschen Bundestags - Dezernat Zukunft","description":"Eine pauschale Verl\u00e4ngerung der Zusch\u00fcsse \u00fcber 2026 hinaus ist kritisch zu hinterfragen.","robots":{"index":"index","follow":"follow","max-snippet":"max-snippet:-1","max-image-preview":"max-image-preview:large","max-video-preview":"max-video-preview:-1"},"canonical":"https:\/\/dezernatzukunft.org\/en\/stellungnahme-vor-dem-ausschuss-fur-wirtschaft-und-energie-des-deutschen-bundestags\/","og_locale":"en_US","og_type":"article","og_title":"Stellungnahme vor dem Ausschuss f\u00fcr Wirtschaft und Energie des Deutschen Bundestags - Dezernat Zukunft","og_description":"Eine pauschale Verl\u00e4ngerung der Zusch\u00fcsse \u00fcber 2026 hinaus ist kritisch zu hinterfragen.","og_url":"https:\/\/dezernatzukunft.org\/en\/stellungnahme-vor-dem-ausschuss-fur-wirtschaft-und-energie-des-deutschen-bundestags\/","og_site_name":"Dezernat Zukunft","article_published_time":"2025-11-07T06:28:21+00:00","article_modified_time":"2026-04-14T12:40:53+00:00","og_image":[{"width":1600,"height":933,"url":"https:\/\/dezernatzukunft.org\/wp-content\/uploads\/2025\/11\/20251106_K33_Websitebeitrag_vd1_KE-1.png","type":"image\/png"}],"author":"Janek Steitz","twitter_card":"summary_large_image","twitter_creator":"@DezernatZ","twitter_site":"@DezernatZ","twitter_misc":{"Written by":"Janek Steitz","Est. reading time":"1 minute"},"schema":{"@context":"https:\/\/schema.org","@graph":[{"@type":"Article","@id":"https:\/\/dezernatzukunft.org\/en\/stellungnahme-vor-dem-ausschuss-fur-wirtschaft-und-energie-des-deutschen-bundestags\/#article","isPartOf":{"@id":"https:\/\/dezernatzukunft.org\/en\/stellungnahme-vor-dem-ausschuss-fur-wirtschaft-und-energie-des-deutschen-bundestags\/"},"author":{"name":"Janek Steitz","@id":"https:\/\/dezernatzukunft.org\/#\/schema\/person\/159d675c662767629c2dc71dd0b0b124"},"headline":"Stellungnahme vor dem Ausschuss f\u00fcr Wirtschaft und Energie des Deutschen Bundestags","datePublished":"2025-11-07T06:28:21+00:00","dateModified":"2026-04-14T12:40:53+00:00","mainEntityOfPage":{"@id":"https:\/\/dezernatzukunft.org\/en\/stellungnahme-vor-dem-ausschuss-fur-wirtschaft-und-energie-des-deutschen-bundestags\/"},"wordCount":150,"publisher":{"@id":"https:\/\/dezernatzukunft.org\/#organization"},"image":{"@id":"https:\/\/dezernatzukunft.org\/en\/stellungnahme-vor-dem-ausschuss-fur-wirtschaft-und-energie-des-deutschen-bundestags\/#primaryimage"},"thumbnailUrl":"https:\/\/dezernatzukunft.org\/wp-content\/uploads\/2025\/11\/20251106_K33_Websitebeitrag_vd1_KE-1.png","keywords":["JS","Klima"],"articleSection":["Papers"],"inLanguage":"en-US"},{"@type":"WebPage","@id":"https:\/\/dezernatzukunft.org\/en\/stellungnahme-vor-dem-ausschuss-fur-wirtschaft-und-energie-des-deutschen-bundestags\/","url":"https:\/\/dezernatzukunft.org\/en\/stellungnahme-vor-dem-ausschuss-fur-wirtschaft-und-energie-des-deutschen-bundestags\/","name":"Stellungnahme vor dem Ausschuss f\u00fcr Wirtschaft und Energie des Deutschen Bundestags - Dezernat Zukunft","isPartOf":{"@id":"https:\/\/dezernatzukunft.org\/#website"},"primaryImageOfPage":{"@id":"https:\/\/dezernatzukunft.org\/en\/stellungnahme-vor-dem-ausschuss-fur-wirtschaft-und-energie-des-deutschen-bundestags\/#primaryimage"},"image":{"@id":"https:\/\/dezernatzukunft.org\/en\/stellungnahme-vor-dem-ausschuss-fur-wirtschaft-und-energie-des-deutschen-bundestags\/#primaryimage"},"thumbnailUrl":"https:\/\/dezernatzukunft.org\/wp-content\/uploads\/2025\/11\/20251106_K33_Websitebeitrag_vd1_KE-1.png","datePublished":"2025-11-07T06:28:21+00:00","dateModified":"2026-04-14T12:40:53+00:00","description":"Eine pauschale Verl\u00e4ngerung der Zusch\u00fcsse \u00fcber 2026 hinaus ist kritisch zu hinterfragen.","breadcrumb":{"@id":"https:\/\/dezernatzukunft.org\/en\/stellungnahme-vor-dem-ausschuss-fur-wirtschaft-und-energie-des-deutschen-bundestags\/#breadcrumb"},"inLanguage":"en-US","potentialAction":[{"@type":"ReadAction","target":["https:\/\/dezernatzukunft.org\/en\/stellungnahme-vor-dem-ausschuss-fur-wirtschaft-und-energie-des-deutschen-bundestags\/"]}]},{"@type":"ImageObject","inLanguage":"en-US","@id":"https:\/\/dezernatzukunft.org\/en\/stellungnahme-vor-dem-ausschuss-fur-wirtschaft-und-energie-des-deutschen-bundestags\/#primaryimage","url":"https:\/\/dezernatzukunft.org\/wp-content\/uploads\/2025\/11\/20251106_K33_Websitebeitrag_vd1_KE-1.png","contentUrl":"https:\/\/dezernatzukunft.org\/wp-content\/uploads\/2025\/11\/20251106_K33_Websitebeitrag_vd1_KE-1.png","width":1600,"height":933},{"@type":"BreadcrumbList","@id":"https:\/\/dezernatzukunft.org\/en\/stellungnahme-vor-dem-ausschuss-fur-wirtschaft-und-energie-des-deutschen-bundestags\/#breadcrumb","itemListElement":[{"@type":"ListItem","position":1,"name":"Home","item":"https:\/\/dezernatzukunft.org\/en\/home_en\/"},{"@type":"ListItem","position":2,"name":"Stellungnahme vor dem Ausschuss f\u00fcr Wirtschaft und Energie des Deutschen Bundestags"}]},{"@type":"WebSite","@id":"https:\/\/dezernatzukunft.org\/#website","url":"https:\/\/dezernatzukunft.org\/","name":"Dezernat Zukunft","description":"Institut f\u00fcr Makrofinanzen","publisher":{"@id":"https:\/\/dezernatzukunft.org\/#organization"},"potentialAction":[{"@type":"SearchAction","target":{"@type":"EntryPoint","urlTemplate":"https:\/\/dezernatzukunft.org\/?s={search_term_string}"},"query-input":{"@type":"PropertyValueSpecification","valueRequired":true,"valueName":"search_term_string"}}],"inLanguage":"en-US"},{"@type":"Organization","@id":"https:\/\/dezernatzukunft.org\/#organization","name":"Dezernat Zukunft","url":"https:\/\/dezernatzukunft.org\/","logo":{"@type":"ImageObject","inLanguage":"en-US","@id":"https:\/\/dezernatzukunft.org\/#\/schema\/logo\/image\/","url":"https:\/\/dezernatzukunft.org\/wp-content\/uploads\/2022\/05\/Dezernat_Zukunft-01_Zeichenfla\u0308che-1.png","contentUrl":"https:\/\/dezernatzukunft.org\/wp-content\/uploads\/2022\/05\/Dezernat_Zukunft-01_Zeichenfla\u0308che-1.png","width":966,"height":167,"caption":"Dezernat Zukunft"},"image":{"@id":"https:\/\/dezernatzukunft.org\/#\/schema\/logo\/image\/"},"sameAs":["https:\/\/x.com\/DezernatZ"]},{"@type":"Person","@id":"https:\/\/dezernatzukunft.org\/#\/schema\/person\/159d675c662767629c2dc71dd0b0b124","name":"Janek Steitz","url":"https:\/\/dezernatzukunft.org\/en\/author\/janek-steitz\/"}]}},"_links":{"self":[{"href":"https:\/\/dezernatzukunft.org\/en\/wp-json\/wp\/v2\/posts\/78246","targetHints":{"allow":["GET"]}}],"collection":[{"href":"https:\/\/dezernatzukunft.org\/en\/wp-json\/wp\/v2\/posts"}],"about":[{"href":"https:\/\/dezernatzukunft.org\/en\/wp-json\/wp\/v2\/types\/post"}],"author":[{"embeddable":true,"href":"https:\/\/dezernatzukunft.org\/en\/wp-json\/wp\/v2\/users\/57"}],"replies":[{"embeddable":true,"href":"https:\/\/dezernatzukunft.org\/en\/wp-json\/wp\/v2\/comments?post=78246"}],"version-history":[{"count":2,"href":"https:\/\/dezernatzukunft.org\/en\/wp-json\/wp\/v2\/posts\/78246\/revisions"}],"predecessor-version":[{"id":78805,"href":"https:\/\/dezernatzukunft.org\/en\/wp-json\/wp\/v2\/posts\/78246\/revisions\/78805"}],"wp:featuredmedia":[{"embeddable":true,"href":"https:\/\/dezernatzukunft.org\/en\/wp-json\/wp\/v2\/media\/78239"}],"wp:attachment":[{"href":"https:\/\/dezernatzukunft.org\/en\/wp-json\/wp\/v2\/media?parent=78246"}],"wp:term":[{"taxonomy":"category","embeddable":true,"href":"https:\/\/dezernatzukunft.org\/en\/wp-json\/wp\/v2\/categories?post=78246"},{"taxonomy":"post_tag","embeddable":true,"href":"https:\/\/dezernatzukunft.org\/en\/wp-json\/wp\/v2\/tags?post=78246"}],"curies":[{"name":"wp","href":"https:\/\/api.w.org\/{rel}","templated":true}]}}