{"id":72085,"date":"2023-10-26T12:48:02","date_gmt":"2023-10-26T10:48:02","guid":{"rendered":"https:\/\/dezernat-zukunft.org\/?p=72085"},"modified":"2024-07-04T07:42:01","modified_gmt":"2024-07-04T05:42:01","slug":"investitionstracker","status":"publish","type":"post","link":"https:\/\/dezernatzukunft.org\/en\/investitionstracker\/","title":{"rendered":"Investitionstracker"},"content":{"rendered":"<p><b>Seit Beginn 2023 wurden 33 private Investitionen \u00fcber 100 Mio. \u20ac angek\u00fcndigt, f\u00fcr eine Transformation hin zu einer klimaneutralen und souver\u00e4nen Wirtschaft. <a href=\"http:\/\/umap.openstreetmap.fr\/de\/map\/angekundigte-groinvestitionen_971779#7\/51.775\/10.492\" target=\"_blank\" rel=\"noopener\">Hier<\/a> geht es zur interaktiven Karte.<\/b><\/p>\n<p><strong><a href=\"mailto:gerrit.schroeter@dezernatzukunft.org\">Gerrit Schr\u00f6ter<\/a><\/strong><\/p>\n\n\n<a href=\"https:\/\/dezernatzukunft.org\/wp-content\/uploads\/2023\/10\/Investitionsankuendigungstracker_Stand-19.10.2023.xlsx\" class=\"testbutton\" target=\"_blank\" rel=\"noopener\"> Download Excel <\/a>&nbsp;&nbsp; \u2192 Das Datenset im Excel Format\n<br><br>\n<a href=\"https:\/\/dezernatzukunft.org\/wp-content\/uploads\/2023\/10\/Schroeter-G.-2023-Uebersicht-der-Grossinvestitionsankuendigungen-in-Deutschland-\u2013-Methodik.-Dezernat-Zukunft-Datenset.pdf\" class=\"testbutton\" target=\"_blank\" rel=\"noopener\"> Download PDF <\/a>&nbsp;&nbsp; \u2192 Die ausf\u00fchrliche Methodik\n\n\n<\/p>\n\n\n<div class=\"wp-block-group\"><div class=\"wp-block-group__inner-container is-layout-constrained wp-block-group-is-layout-constrained\">\n<div class=\"executivesumgb41\" style=\"border-left: 8px solid #ee6174; text-align: left;\">\n<p><strong>Letztes Update:<\/strong> 19.10.2023<\/p>\n<p>Wir freuen uns \u00fcber Feedback und Hinweise auf nicht ber\u00fccksichtigte Investitionsvorhaben, die den unten aufgef\u00fchrten Kriterien entsprechen. Bitte melden an: <a href=\"mailto:gerrit.schroeter@dezernatzukunft.org\">gerrit.schroeter@dezernatzukunft.org<\/a><\/p>\n<\/div>\n<p><\/p>\n<p>Seit Beginn des Jahres wird viel \u00fcber die wirtschaftliche Lage in Deutschland und die Wettbewerbsf\u00e4higkeit des Standorts diskutiert. Einerseits ist wieder vom \u201e<a href=\"https:\/\/www.economist.com\/leaders\/2023\/08\/17\/is-germany-once-again-the-sick-man-of-europe\" target=\"_blank\" rel=\"noopener\">kranken Mann Europas<\/a>\u201c die Rede. Einige bef\u00fcrchten, dass mehr und mehr Unternehmen aufgrund schlechter Standort- und Rahmenbedingungen ins Ausland abwandern werden.<\/p>\n<p>Gleichzeitig herrscht Einigkeit dar\u00fcber, dass die Transformation hin zu einer klimaneutralen und souver\u00e4nen Wirtschaft mit einem massiven Aufwuchs an privaten und \u00f6ffentlichen Investitionen einhergeht. Eine Reihe von Gro\u00dfinvestitionsvorhaben, teils erm\u00f6glicht durch gro\u00dfz\u00fcgige Subventionen, wurden in den letzten Monaten angek\u00fcndigt. Ein Beispiel ist die <a href=\"https:\/\/www.tagesschau.de\/wirtschaft\/unternehmen\/intel-chipfabrik-subventionen-scholz-100.html\" target=\"_blank\" rel=\"noopener\">Intel-Chipfabrik<\/a> in Magdeburg, die mit knapp 10 Mrd. \u20ac gef\u00f6rdert werden soll.<\/p>\n<p>Um diese Zukunftsinvestitionen geht es in diesem Datenset. Wir m\u00f6chten ein Gef\u00fchl daf\u00fcr bekommen, ob sich eine Dynamik bei den privaten Investitionsank\u00fcndigungen beobachten l\u00e4sst und wie sich die geplanten Investitionen regional, sektoral und der Art nach verteilen. Da es sich um <strong>Ank\u00fcndigungen<\/strong> handelt, l\u00e4sst sich daraus jedoch nicht kausal auf die wirtschaftliche Lage in Deutschland schlie\u00dfen.<\/p>\n<h4><strong>Welche Investitionsvorhaben erfassen wir?<\/strong><\/h4>\n<p>F\u00fcr den Anfang konzentrieren wir uns auf seit Jahresbeginn 2023 angek\u00fcndigte private Gro\u00dfinvestitionsvorhaben \u00fcber 100 Mio. \u20ac in Wirtschaftsbereichen, die aus unserer Sicht essenziell sind f\u00fcr eine klimaneutrale, digitale und souver\u00e4ne Wirtschaft. Dazu z\u00e4hlen vor allem industrielle Produktionskapazit\u00e4ten von erneuerbaren Technologien und Komponenten sowie gro\u00dfe Erneuerbare Energien [EE] -Anlagen (z. B. H2-ready Gaskraftwerke oder Elektrolyseure) und Energieinfrastrukturen. Au\u00dferdem erfassen wir Investitionsvorhaben in energieintensiven Industrien, im Autosektor und der Produktion von Batterien und Speichern, im R\u00fcstungssektor, der Rohstoffgewinnung sowie in den Bereichen Halbleiter und Elektronik sowie Biotechnologie.<\/p>\n<p>Wir nehmen Gro\u00dfinvestitionsvorhaben nur dann auf, wenn wir deren Umsetzung als hinreichend wahrscheinlich erachten. Dabei versuchen wir, den fr\u00fchestm\u00f6glichen Zeitpunkt auszumachen, an dem eine Investitionsank\u00fcndigung als wahrscheinlich gilt. In unsere Beurteilung flie\u00dfen dabei mehrere Faktoren ein, dazu sp\u00e4ter mehr.<\/p>\n<h4><strong>Erste Ergebnisse (Stand: 19.10.2023)<\/strong><\/h4>\n<p>Seit Beginn des Jahres 2023 haben wir gem\u00e4\u00df unserer Methodik Ank\u00fcndigungen f\u00fcr 33 Gro\u00dfinvestitionsvorhaben \u00fcber 100 Mio. EUR mit einem Gesamtvolumen von circa 86 Mrd. \u20ac (inklusive staatlicher Subventionen von circa 20 Mrd. \u20ac) identifiziert. Dies stellt einen Anteil von 2,2 Prozent des BIPs dar. Darunter fallen 16 Vorhaben mit einem Investitionsvolumen gr\u00f6\u00dfer\/gleich 1 Mrd. \u20ac, z. B. das geplante Intel-Werk in Magdeburg (27 Mrd. \u20ac) \u2013 die gr\u00f6\u00dfte Ank\u00fcndigung. Investitionen zwischen 100 Mio. \u20ac und 1 Mrd. \u20ac machen die andere H\u00e4lfte der Ank\u00fcndigungen aus. Hinsichtlich der regionalen Verteilung zeigt sich eine leichte Tendenz zugunsten von Ostdeutschland bei der H\u00f6he des Volumens, mit 57 Prozent, bei lediglich 30 Prozent der Vorhaben. Hinsichtlich der Branchenverteilung liegt mit 46,4 Mrd. \u20ac (54 Prozent) der Bereich Halbleiter &amp; Elektronik an erster Stelle, gefolgt von Energieinfrastrukturen mit 27 Prozent. Im Bereich der Sektoren, die f\u00fcr die Energiewende relevant sind (EE (Industriekapazit\u00e4t); EE-Kraftwerke, Speicher und Elektrolyse; Energieinfrastrukturen) belaufen sich die Investitionsank\u00fcndigungen auf 27,745 Mrd. \u20ac<\/p>\n<p>In der oben verlinkten und unten einsehbaren <a href=\"http:\/\/umap.openstreetmap.fr\/de\/map\/angekundigte-groinvestitionen_971779#7\/51.775\/10.492\" target=\"_blank\" rel=\"noopener\">Karte<\/a> sind die einzelnen Investitionsvorhaben und deren regionale Verteilung zu sehen. Die Positionierung der Vorhaben ist nicht immer exakt, um bei mehreren Investitionen in einer Stadt eine bessere \u00dcbersichtlichkeit herzustellen. Im Falle von Investitionen, die sich nicht auf einen Ort spezifizieren lassen, wie z. B. Netzausbauprojekte, wird der ungef\u00e4hre geografische Mittelpunkt genommen. Durch ein Klicken auf die einzelnen Marker lassen sich Informationen zu den beteiligten Firmen, der Art der Investition, dem Industriezweig und der H\u00f6he (inklusive eventuellen Subventionen) anzeigen.<\/p>\n<p> <div class=\"brlbs-cmpnt-container brlbs-cmpnt-content-blocker brlbs-cmpnt-with-individual-styles\" data-borlabs-cookie-content-blocker-id=\"open-street-map\" data-borlabs-cookie-content=\"PGlmcmFtZSBzcmM9Ii8vdW1hcC5vcGVuc3RyZWV0bWFwLmZyL2RlL21hcC9hbmdla3VuZGlndGUtZ3JvaW52ZXN0aXRpb25lbl85NzE3Nzk\/c2NhbGVDb250cm9sPWZhbHNlJmFtcDttaW5pTWFwPWZhbHNlJmFtcDtzY3JvbGxXaGVlbFpvb209ZmFsc2UmYW1wO3pvb21Db250cm9sPXRydWUmYW1wO2VkaXRNb2RlPWRpc2FibGVkJmFtcDttb3JlQ29udHJvbD10cnVlJmFtcDtzZWFyY2hDb250cm9sPW51bGwmYW1wO3RpbGVsYXllcnNDb250cm9sPW51bGwmYW1wO2VtYmVkQ29udHJvbD1udWxsJmFtcDtkYXRhbGF5ZXJzQ29udHJvbD10cnVlJmFtcDtvbkxvYWRQYW5lbD11bmRlZmluZWQmYW1wO2NhcHRpb25CYXI9ZmFsc2UmYW1wO2NhcHRpb25NZW51cz10cnVlIiB3aWR0aD0iMTAwJSIgaGVpZ2h0PSIxMDAwcHgiIGZyYW1lYm9yZGVyPSIwIiBhbGxvd2Z1bGxzY3JlZW49ImFsbG93ZnVsbHNjcmVlbiI+PC9pZnJhbWU+\"><div class=\"brlbs-cmpnt-cb-preset-b\"> <div class=\"brlbs-cmpnt-cb-thumbnail\" style=\"background-image: url('https:\/\/dezernatzukunft.org\/wp-content\/uploads\/borlabs-cookie\/1\/brlbs-cb-google-maps-main.png')\"><\/div> <div class=\"brlbs-cmpnt-cb-main\"> <div class=\"brlbs-cmpnt-cb-content\"> <p class=\"brlbs-cmpnt-cb-description\">You are currently seeing a placeholder content of <strong>OpenStreetMap<\/strong>. To access the actual content, click on the button below. Please note that data will be passed on to third-party providers.<\/p> <a class=\"brlbs-cmpnt-cb-provider-toggle\" href=\"#\" data-borlabs-cookie-show-provider-information role=\"button\">More information<\/a> <\/div> <div class=\"brlbs-cmpnt-cb-buttons\"> <a class=\"brlbs-cmpnt-cb-btn\" href=\"#\" data-borlabs-cookie-unblock role=\"button\">Unlock content<\/a> <a class=\"brlbs-cmpnt-cb-btn\" href=\"#\" data-borlabs-cookie-accept-service role=\"button\" style=\"display: inherit\">Accept required service and unblock content<\/a> <\/div> <\/div> <\/div><\/div><\/p>\n<h4><strong>Methodik<\/strong><\/h4>\n<p>Zun\u00e4chst wird gepr\u00fcft, ob es neben der blo\u00dfen Ank\u00fcndigung auch konkrete Informationen dar\u00fcber gibt, ob seitens des Unternehmens eine finale Investitionsentscheidung getroffen wurde oder ob es sich lediglich um eine vage Planung handelt. Sollte dies nicht der Fall sein, dienen konkrete Pl\u00e4ne, die aufzeigen, wo, wann und in welchem Ausma\u00df die Investition realisiert werden soll, als Indikator. Im Falle eines Vertragsabschlusses ist eine hinreichend sichere Absicht zur Erf\u00fcllung dieser Vertr\u00e4ge erforderlich.<\/p>\n<p>Wenn bisher keine endg\u00fcltige Baugenehmigung erteilt wurde, so sollte ein Bekenntnis der relevanten politischen Entscheidungstr\u00e4ger:innen auf den jeweils zust\u00e4ndigen Ebenen (Kommunen, L\u00e4nder, Bund) zu dem Vorhaben vorliegen. Gleiches gilt f\u00fcr die Haltung der zust\u00e4ndigen Beh\u00f6rden, wie den Landes\u00e4mtern f\u00fcr Umwelt. Ebenso kann eine Aufnahme trotz fehlender endg\u00fcltiger Baugenehmigung erfolgen, wenn Grundst\u00fccke bereits erworben wurden, bauvorbereitende Ma\u00dfnahmen getroffen werden oder das Unternehmen bereits mehrere Vorhaben in \u00e4hnlicher H\u00f6he umgesetzt hat.<\/p>\n<p>Auf zivilgesellschaftlicher Seite ber\u00fccksichtigen wir au\u00dferdem, ob es B\u00fcrgerinitiativen gibt, die die Realisierung der Vorhaben noch aufhalten k\u00f6nnen. Da sich dies jedoch schwer bemessen l\u00e4sst, haben wir uns darauf konzentriert, ob es noch ausstehende B\u00fcrgerentscheide gibt. Wenn dies der Fall ist, wird eine Investition nicht aufgenommen, bis das Ergebnis feststeht.<\/p>\n<p>Eine Zusage staatlicher Subventionen f\u00fchrt direkt zu einer Aufnahme in das Datenset.<\/p>\n<p>Die tats\u00e4chliche Realisierung dieser Vorhaben in der Zukunft ist jedoch nicht sicher, da in der Vergangenheit auch trotz der genannten Punkte Investitionen aufgeschoben oder nachtr\u00e4glich abgesagt wurden. Eine ausf\u00fchrliche Beschreibung der Methode findet sich <a href=\"https:\/\/dezernatzukunft.org\/wp-content\/uploads\/2023\/10\/Schroeter-G.-2023-Uebersicht-der-Grossinvestitionsankuendigungen-in-Deutschland-\u2013-Methodik.-Dezernat-Zukunft-Datenset.pdf\" target=\"_blank\" rel=\"noopener\">hier<\/a>.<\/p>\n<p>Der Investitionstracker wird laufend aktualisiert. \u00c4nderungen der Methodik, z. B. eine Erweiterung der betrachteten Branchen, kommunizieren wir auf dieser Seite.<\/p>\n<h4><strong>Einordnung der Zahlen<\/strong><\/h4>\n<p>Ein vollst\u00e4ndiges Bild \u00fcber die zuk\u00fcnftige Investitionst\u00e4tigkeit in Deutschland l\u00e4sst sich mit den hier erfassten Daten nicht zeichnen. Das liegt vor allem daran, dass wir lediglich Ank\u00fcndigungen \u00fcber 100 Mio. \u20ac erfassen. Zudem werden die Daten von Ausrei\u00dfern dominiert, sodass die Aufteilung der Vorhaben nach Branchen sowie nach Regionen (Ost\/West) mit Vorsicht zu interpretieren sind. Auch lassen die Daten keinen direkten Schluss \u00fcber die Investitionst\u00e4tigkeit und die wirtschaftliche Entwicklung in der kurzen Frist zu, denn die erfassten Vorhaben haben Realisierungszeitr\u00e4ume von bis zu 10 Jahren. In der amtlichen Statistik werden diese Zahlen deshalb erst in den kommenden Jahren auftauchen.<\/p>\n<p>Eine Kausalit\u00e4t zwischen den aktuellen politischen Entscheidungen und der Ank\u00fcndigung einer Investition besteht ebenso nicht zwangsl\u00e4ufig. So werden Subventionszusagen in einigen F\u00e4llen sicherlich eine Rolle spielen, gleichzeitig gehen jedoch gerade bei sehr gro\u00dfen Investitionsvorhaben teils mehrere Jahre an Vorarbeit und Planung voraus.<\/p>\n<h4><strong>Vergleichbarkeit mit anderen L\u00e4ndern<\/strong><\/h4>\n<p>Damit sich die Zahlen besser einordnen lassen, w\u00e4re eine Vergleichbarkeit mit anderen L\u00e4ndern hilfreich. Ein Problem ist dabei jedoch, dass andere Tracker mit \u00e4hnlichem Anliegen keine Wahrscheinlichkeitspr\u00fcfung vornehmen oder einen anderen Fokus setzen. Beispielsweise werden bei dem \u201e<a href=\"https:\/\/www.whitehouse.gov\/invest\/\" target=\"_blank\" rel=\"noopener\">Investing in America<\/a>\u201c-Tracker der US-Regierung s\u00e4mtliche Ank\u00fcndigungen aufgenommen, seit Beginn der Biden-Harris Regierung, unabh\u00e4ngig davon, wie realistisch deren Umsetzung scheint. Laut diesem gab es in dem Zeitraum Ank\u00fcndigungen in H\u00f6he von 614 Mrd. $, was 2,5 Prozent des US-BIPs entspricht, verteilt \u00fcber mehrere Jahre. Im Gegensatz dazu stellen die 86 Mrd. \u20ac in Deutschland seit Beginn 2023 2,2 Prozent des BIPs dar. Auch wenn ein direkter Vergleich \u2013 wie oben beschrieben \u2013 nicht m\u00f6glich ist, so l\u00e4sst sich doch grob sagen, dass Deutschland hier im internationalen Vergleich mithalten kann.<\/p>\n<p class=\"executivesum\" style=\"border-left: 8px solid #ee6174; text-align: center;\"><em>Um \u00fcber unsere weiteren Ver\u00f6ffentlichungen auf dem Laufenden zu bleiben, abonniert gerne unseren<\/em><a href=\"https:\/\/dezernatzukunft.us18.list-manage.com\/subscribe?u=e80f99448e2133d2d0099e4cb&amp;id=2a7db2a8a7\"><em> Newsletter<\/em><\/a><em>. <\/em><\/p>\n\n\n\n<p><\/p>\n<\/div><\/div>\n","protected":false},"excerpt":{"rendered":"<p>Seit Beginn des Jahres wird viel \u00fcber die wirtschaftliche Lage in Deutschland und die Wettbewerbsf\u00e4higkeit des Standorts diskutiert. Einerseits ist wieder vom \u201ekranken Mann Europas\u201c die Rede. Einige bef\u00fcrchten, dass mehr und mehr Unternehmen aufgrund schlechter Standort- und Rahmenbedingungen ins Ausland abwandern werden.<\/p>\n","protected":false},"author":73,"featured_media":72044,"comment_status":"closed","ping_status":"closed","sticky":false,"template":"","format":"standard","meta":{"_acf_changed":false,"footnotes":"","_links_to":"","_links_to_target":""},"categories":[347],"tags":[266],"class_list":["post-72085","post","type-post","status-publish","format-standard","has-post-thumbnail","hentry","category-datensets-en","tag-wirtschaftspolitik-en"],"acf":[],"yoast_head":"<!-- This site is optimized with the Yoast SEO plugin v26.8 - https:\/\/yoast.com\/product\/yoast-seo-wordpress\/ -->\n<title>Investitionstracker - Dezernat Zukunft<\/title>\n<meta name=\"description\" content=\"Institut f\u00fcr Makrofinanzen\" \/>\n<meta name=\"robots\" content=\"index, follow, max-snippet:-1, max-image-preview:large, max-video-preview:-1\" \/>\n<link rel=\"canonical\" href=\"https:\/\/dezernatzukunft.org\/en\/investitionstracker\/\" \/>\n<meta property=\"og:locale\" content=\"en_US\" \/>\n<meta property=\"og:type\" content=\"article\" \/>\n<meta property=\"og:title\" content=\"Investitionstracker - Dezernat Zukunft\" \/>\n<meta property=\"og:description\" content=\"Institut f\u00fcr Makrofinanzen\" \/>\n<meta property=\"og:url\" content=\"https:\/\/dezernatzukunft.org\/en\/investitionstracker\/\" \/>\n<meta property=\"og:site_name\" content=\"Dezernat Zukunft\" \/>\n<meta property=\"article:published_time\" content=\"2023-10-26T10:48:02+00:00\" \/>\n<meta property=\"article:modified_time\" content=\"2024-07-04T05:42:01+00:00\" \/>\n<meta property=\"og:image\" content=\"https:\/\/dezernatzukunft.org\/wp-content\/uploads\/2023\/10\/Screenshot-Karte-1024x544.png\" \/>\n\t<meta property=\"og:image:width\" content=\"1024\" \/>\n\t<meta property=\"og:image:height\" content=\"544\" \/>\n\t<meta property=\"og:image:type\" content=\"image\/png\" \/>\n<meta name=\"author\" content=\"Gerrit Schr\u00f6ter\" \/>\n<meta name=\"twitter:card\" content=\"summary_large_image\" \/>\n<meta name=\"twitter:creator\" content=\"@DezernatZ\" \/>\n<meta name=\"twitter:site\" content=\"@DezernatZ\" \/>\n<meta name=\"twitter:label1\" content=\"Written by\" \/>\n\t<meta name=\"twitter:data1\" content=\"Gerrit Schr\u00f6ter\" \/>\n\t<meta name=\"twitter:label2\" content=\"Est. reading time\" \/>\n\t<meta name=\"twitter:data2\" content=\"7 minutes\" \/>\n<script type=\"application\/ld+json\" class=\"yoast-schema-graph\">{\"@context\":\"https:\/\/schema.org\",\"@graph\":[{\"@type\":\"Article\",\"@id\":\"https:\/\/dezernatzukunft.org\/en\/investitionstracker\/#article\",\"isPartOf\":{\"@id\":\"https:\/\/dezernatzukunft.org\/en\/investitionstracker\/\"},\"author\":{\"name\":\"Gerrit Schr\u00f6ter\",\"@id\":\"https:\/\/dezernatzukunft.org\/#\/schema\/person\/992a1d83147dfbad4c0b4a8610554d6f\"},\"headline\":\"Investitionstracker\",\"datePublished\":\"2023-10-26T10:48:02+00:00\",\"dateModified\":\"2024-07-04T05:42:01+00:00\",\"mainEntityOfPage\":{\"@id\":\"https:\/\/dezernatzukunft.org\/en\/investitionstracker\/\"},\"wordCount\":1221,\"publisher\":{\"@id\":\"https:\/\/dezernatzukunft.org\/#organization\"},\"image\":{\"@id\":\"https:\/\/dezernatzukunft.org\/en\/investitionstracker\/#primaryimage\"},\"thumbnailUrl\":\"https:\/\/dezernatzukunft.org\/wp-content\/uploads\/2023\/10\/Screenshot-Karte.png\",\"keywords\":[\"Wirtschaftspolitik\"],\"articleSection\":[\"Datensets\"],\"inLanguage\":\"en-US\"},{\"@type\":\"WebPage\",\"@id\":\"https:\/\/dezernatzukunft.org\/en\/investitionstracker\/\",\"url\":\"https:\/\/dezernatzukunft.org\/en\/investitionstracker\/\",\"name\":\"Investitionstracker - Dezernat Zukunft\",\"isPartOf\":{\"@id\":\"https:\/\/dezernatzukunft.org\/#website\"},\"primaryImageOfPage\":{\"@id\":\"https:\/\/dezernatzukunft.org\/en\/investitionstracker\/#primaryimage\"},\"image\":{\"@id\":\"https:\/\/dezernatzukunft.org\/en\/investitionstracker\/#primaryimage\"},\"thumbnailUrl\":\"https:\/\/dezernatzukunft.org\/wp-content\/uploads\/2023\/10\/Screenshot-Karte.png\",\"datePublished\":\"2023-10-26T10:48:02+00:00\",\"dateModified\":\"2024-07-04T05:42:01+00:00\",\"description\":\"Institut f\u00fcr Makrofinanzen\",\"breadcrumb\":{\"@id\":\"https:\/\/dezernatzukunft.org\/en\/investitionstracker\/#breadcrumb\"},\"inLanguage\":\"en-US\",\"potentialAction\":[{\"@type\":\"ReadAction\",\"target\":[\"https:\/\/dezernatzukunft.org\/en\/investitionstracker\/\"]}]},{\"@type\":\"ImageObject\",\"inLanguage\":\"en-US\",\"@id\":\"https:\/\/dezernatzukunft.org\/en\/investitionstracker\/#primaryimage\",\"url\":\"https:\/\/dezernatzukunft.org\/wp-content\/uploads\/2023\/10\/Screenshot-Karte.png\",\"contentUrl\":\"https:\/\/dezernatzukunft.org\/wp-content\/uploads\/2023\/10\/Screenshot-Karte.png\",\"width\":1819,\"height\":967},{\"@type\":\"BreadcrumbList\",\"@id\":\"https:\/\/dezernatzukunft.org\/en\/investitionstracker\/#breadcrumb\",\"itemListElement\":[{\"@type\":\"ListItem\",\"position\":1,\"name\":\"Home\",\"item\":\"https:\/\/dezernatzukunft.org\/en\/home_en\/\"},{\"@type\":\"ListItem\",\"position\":2,\"name\":\"Investitionstracker\"}]},{\"@type\":\"WebSite\",\"@id\":\"https:\/\/dezernatzukunft.org\/#website\",\"url\":\"https:\/\/dezernatzukunft.org\/\",\"name\":\"Dezernat Zukunft\",\"description\":\"Institut f\u00fcr Makrofinanzen\",\"publisher\":{\"@id\":\"https:\/\/dezernatzukunft.org\/#organization\"},\"potentialAction\":[{\"@type\":\"SearchAction\",\"target\":{\"@type\":\"EntryPoint\",\"urlTemplate\":\"https:\/\/dezernatzukunft.org\/?s={search_term_string}\"},\"query-input\":{\"@type\":\"PropertyValueSpecification\",\"valueRequired\":true,\"valueName\":\"search_term_string\"}}],\"inLanguage\":\"en-US\"},{\"@type\":\"Organization\",\"@id\":\"https:\/\/dezernatzukunft.org\/#organization\",\"name\":\"Dezernat Zukunft\",\"url\":\"https:\/\/dezernatzukunft.org\/\",\"logo\":{\"@type\":\"ImageObject\",\"inLanguage\":\"en-US\",\"@id\":\"https:\/\/dezernatzukunft.org\/#\/schema\/logo\/image\/\",\"url\":\"https:\/\/dezernatzukunft.org\/wp-content\/uploads\/2022\/05\/Dezernat_Zukunft-01_Zeichenfla\u0308che-1.png\",\"contentUrl\":\"https:\/\/dezernatzukunft.org\/wp-content\/uploads\/2022\/05\/Dezernat_Zukunft-01_Zeichenfla\u0308che-1.png\",\"width\":966,\"height\":167,\"caption\":\"Dezernat Zukunft\"},\"image\":{\"@id\":\"https:\/\/dezernatzukunft.org\/#\/schema\/logo\/image\/\"},\"sameAs\":[\"https:\/\/x.com\/DezernatZ\"]},{\"@type\":\"Person\",\"@id\":\"https:\/\/dezernatzukunft.org\/#\/schema\/person\/992a1d83147dfbad4c0b4a8610554d6f\",\"name\":\"Gerrit Schr\u00f6ter\",\"url\":\"https:\/\/dezernatzukunft.org\/en\/author\/gerrits_voe\/\"}]}<\/script>\n<!-- \/ Yoast SEO plugin. -->","yoast_head_json":{"title":"Investitionstracker - Dezernat Zukunft","description":"Institut f\u00fcr Makrofinanzen","robots":{"index":"index","follow":"follow","max-snippet":"max-snippet:-1","max-image-preview":"max-image-preview:large","max-video-preview":"max-video-preview:-1"},"canonical":"https:\/\/dezernatzukunft.org\/en\/investitionstracker\/","og_locale":"en_US","og_type":"article","og_title":"Investitionstracker - Dezernat Zukunft","og_description":"Institut f\u00fcr Makrofinanzen","og_url":"https:\/\/dezernatzukunft.org\/en\/investitionstracker\/","og_site_name":"Dezernat Zukunft","article_published_time":"2023-10-26T10:48:02+00:00","article_modified_time":"2024-07-04T05:42:01+00:00","og_image":[{"width":1024,"height":544,"url":"https:\/\/dezernatzukunft.org\/wp-content\/uploads\/2023\/10\/Screenshot-Karte-1024x544.png","type":"image\/png"}],"author":"Gerrit Schr\u00f6ter","twitter_card":"summary_large_image","twitter_creator":"@DezernatZ","twitter_site":"@DezernatZ","twitter_misc":{"Written by":"Gerrit Schr\u00f6ter","Est. reading time":"7 minutes"},"schema":{"@context":"https:\/\/schema.org","@graph":[{"@type":"Article","@id":"https:\/\/dezernatzukunft.org\/en\/investitionstracker\/#article","isPartOf":{"@id":"https:\/\/dezernatzukunft.org\/en\/investitionstracker\/"},"author":{"name":"Gerrit Schr\u00f6ter","@id":"https:\/\/dezernatzukunft.org\/#\/schema\/person\/992a1d83147dfbad4c0b4a8610554d6f"},"headline":"Investitionstracker","datePublished":"2023-10-26T10:48:02+00:00","dateModified":"2024-07-04T05:42:01+00:00","mainEntityOfPage":{"@id":"https:\/\/dezernatzukunft.org\/en\/investitionstracker\/"},"wordCount":1221,"publisher":{"@id":"https:\/\/dezernatzukunft.org\/#organization"},"image":{"@id":"https:\/\/dezernatzukunft.org\/en\/investitionstracker\/#primaryimage"},"thumbnailUrl":"https:\/\/dezernatzukunft.org\/wp-content\/uploads\/2023\/10\/Screenshot-Karte.png","keywords":["Wirtschaftspolitik"],"articleSection":["Datensets"],"inLanguage":"en-US"},{"@type":"WebPage","@id":"https:\/\/dezernatzukunft.org\/en\/investitionstracker\/","url":"https:\/\/dezernatzukunft.org\/en\/investitionstracker\/","name":"Investitionstracker - Dezernat Zukunft","isPartOf":{"@id":"https:\/\/dezernatzukunft.org\/#website"},"primaryImageOfPage":{"@id":"https:\/\/dezernatzukunft.org\/en\/investitionstracker\/#primaryimage"},"image":{"@id":"https:\/\/dezernatzukunft.org\/en\/investitionstracker\/#primaryimage"},"thumbnailUrl":"https:\/\/dezernatzukunft.org\/wp-content\/uploads\/2023\/10\/Screenshot-Karte.png","datePublished":"2023-10-26T10:48:02+00:00","dateModified":"2024-07-04T05:42:01+00:00","description":"Institut f\u00fcr Makrofinanzen","breadcrumb":{"@id":"https:\/\/dezernatzukunft.org\/en\/investitionstracker\/#breadcrumb"},"inLanguage":"en-US","potentialAction":[{"@type":"ReadAction","target":["https:\/\/dezernatzukunft.org\/en\/investitionstracker\/"]}]},{"@type":"ImageObject","inLanguage":"en-US","@id":"https:\/\/dezernatzukunft.org\/en\/investitionstracker\/#primaryimage","url":"https:\/\/dezernatzukunft.org\/wp-content\/uploads\/2023\/10\/Screenshot-Karte.png","contentUrl":"https:\/\/dezernatzukunft.org\/wp-content\/uploads\/2023\/10\/Screenshot-Karte.png","width":1819,"height":967},{"@type":"BreadcrumbList","@id":"https:\/\/dezernatzukunft.org\/en\/investitionstracker\/#breadcrumb","itemListElement":[{"@type":"ListItem","position":1,"name":"Home","item":"https:\/\/dezernatzukunft.org\/en\/home_en\/"},{"@type":"ListItem","position":2,"name":"Investitionstracker"}]},{"@type":"WebSite","@id":"https:\/\/dezernatzukunft.org\/#website","url":"https:\/\/dezernatzukunft.org\/","name":"Dezernat Zukunft","description":"Institut f\u00fcr Makrofinanzen","publisher":{"@id":"https:\/\/dezernatzukunft.org\/#organization"},"potentialAction":[{"@type":"SearchAction","target":{"@type":"EntryPoint","urlTemplate":"https:\/\/dezernatzukunft.org\/?s={search_term_string}"},"query-input":{"@type":"PropertyValueSpecification","valueRequired":true,"valueName":"search_term_string"}}],"inLanguage":"en-US"},{"@type":"Organization","@id":"https:\/\/dezernatzukunft.org\/#organization","name":"Dezernat Zukunft","url":"https:\/\/dezernatzukunft.org\/","logo":{"@type":"ImageObject","inLanguage":"en-US","@id":"https:\/\/dezernatzukunft.org\/#\/schema\/logo\/image\/","url":"https:\/\/dezernatzukunft.org\/wp-content\/uploads\/2022\/05\/Dezernat_Zukunft-01_Zeichenfla\u0308che-1.png","contentUrl":"https:\/\/dezernatzukunft.org\/wp-content\/uploads\/2022\/05\/Dezernat_Zukunft-01_Zeichenfla\u0308che-1.png","width":966,"height":167,"caption":"Dezernat Zukunft"},"image":{"@id":"https:\/\/dezernatzukunft.org\/#\/schema\/logo\/image\/"},"sameAs":["https:\/\/x.com\/DezernatZ"]},{"@type":"Person","@id":"https:\/\/dezernatzukunft.org\/#\/schema\/person\/992a1d83147dfbad4c0b4a8610554d6f","name":"Gerrit Schr\u00f6ter","url":"https:\/\/dezernatzukunft.org\/en\/author\/gerrits_voe\/"}]}},"_links":{"self":[{"href":"https:\/\/dezernatzukunft.org\/en\/wp-json\/wp\/v2\/posts\/72085","targetHints":{"allow":["GET"]}}],"collection":[{"href":"https:\/\/dezernatzukunft.org\/en\/wp-json\/wp\/v2\/posts"}],"about":[{"href":"https:\/\/dezernatzukunft.org\/en\/wp-json\/wp\/v2\/types\/post"}],"author":[{"embeddable":true,"href":"https:\/\/dezernatzukunft.org\/en\/wp-json\/wp\/v2\/users\/73"}],"replies":[{"embeddable":true,"href":"https:\/\/dezernatzukunft.org\/en\/wp-json\/wp\/v2\/comments?post=72085"}],"version-history":[{"count":4,"href":"https:\/\/dezernatzukunft.org\/en\/wp-json\/wp\/v2\/posts\/72085\/revisions"}],"predecessor-version":[{"id":73143,"href":"https:\/\/dezernatzukunft.org\/en\/wp-json\/wp\/v2\/posts\/72085\/revisions\/73143"}],"wp:featuredmedia":[{"embeddable":true,"href":"https:\/\/dezernatzukunft.org\/en\/wp-json\/wp\/v2\/media\/72044"}],"wp:attachment":[{"href":"https:\/\/dezernatzukunft.org\/en\/wp-json\/wp\/v2\/media?parent=72085"}],"wp:term":[{"taxonomy":"category","embeddable":true,"href":"https:\/\/dezernatzukunft.org\/en\/wp-json\/wp\/v2\/categories?post=72085"},{"taxonomy":"post_tag","embeddable":true,"href":"https:\/\/dezernatzukunft.org\/en\/wp-json\/wp\/v2\/tags?post=72085"}],"curies":[{"name":"wp","href":"https:\/\/api.w.org\/{rel}","templated":true}]}}