{"id":69474,"date":"2023-03-09T09:59:37","date_gmt":"2023-03-09T08:59:37","guid":{"rendered":"https:\/\/dezernat-zukunft.org\/?p=69474"},"modified":"2023-06-29T11:22:56","modified_gmt":"2023-06-29T09:22:56","slug":"statement-at-the-european-parliamentary-week-2023","status":"publish","type":"post","link":"https:\/\/dezernatzukunft.org\/en\/statement-at-the-european-parliamentary-week-2023\/","title":{"rendered":"Statement at the European Parliamentary Week 2023"},"content":{"rendered":"\n<p><a href=\"https:\/\/dezernatzukunft.org\/wp-admin\/edit.php?post_type=post\"><\/a><\/p>\n\n\n<p><strong><a href=\"mailto:philippa.sigl-gloeckner@dezernatzukunft.org\">Phillipa Sigl-Gl\u00f6ckner<\/a><\/strong><\/p>\n<p><a class=\"testbutton\" href=\"https:\/\/dezernatzukunft.org\/eu-parliamentary-week-sent\/\" target=\"_blank\" rel=\"noopener\">Download PDF<\/a><\/p>\n<p><a class=\"testbutton\" href=\"https:\/\/dezernatzukunft.org\/wp-content\/uploads\/2023\/03\/Slides-Philippa-Sigl-Gloeckner-2.pdf\" target=\"_blank\" rel=\"noopener\">Download Slides<\/a><\/p>\n<p><a href=\"https:\/\/multimedia.europarl.europa.eu\/de\/webstreaming\/european-parliamentary-week-2023-plenary-session-review-of-eu-economic-governance-framework-exchange_20230228-0900-SPECIAL-OTHER\" target=\"_blank\" rel=\"noopener\">Statement<\/a> by Philippa Sigl-Gl\u00f6ckner at the European Parliamentary week 2023 &#8211; Plenary session: Review of the EU economic governance framework \u2013 exchange of views, at February 28th 2023.<\/p>\n<hr>\n<p class=\"executivesum\" style=\"border-left: 8px solid #ee6174; text-align: center;\"><em>Um \u00fcber unsere weiteren Ver\u00f6ffentlichungen auf dem Laufenden zu bleiben, abonniert gerne unseren<\/em><a href=\"https:\/\/dezernatzukunft.us18.list-manage.com\/subscribe?u=e80f99448e2133d2d0099e4cb&amp;id=2a7db2a8a7\"><em> Newsletter<\/em><\/a><em>. <\/em><\/p>","protected":false},"excerpt":{"rendered":"<p>Statement by Philippa Sigl-Gl\u00f6ckner at the European Parliamentary week 2023 &#8211; Plenary session: Review of the EU economic governance framework \u2013 exchange of views, at February 28th 2023.<\/p>\n","protected":false},"author":39,"featured_media":69337,"comment_status":"closed","ping_status":"closed","sticky":false,"template":"","format":"standard","meta":{"_acf_changed":false,"footnotes":"","_links_to":"","_links_to_target":""},"categories":[194],"tags":[220,174,55,281,258],"class_list":["post-69474","post","type-post","status-publish","format-standard","has-post-thumbnail","hentry","category-papers","tag-eng","tag-europe","tag-fiscal-policy","tag-psg-en","tag-show-only-english-content-en"],"acf":[],"yoast_head":"<!-- This site is optimized with the Yoast SEO plugin v26.8 - https:\/\/yoast.com\/product\/yoast-seo-wordpress\/ -->\n<title>Statement at the European Parliamentary Week 2023 - Dezernat Zukunft<\/title>\n<meta name=\"description\" content=\"Institut f\u00fcr Makrofinanzen\" \/>\n<meta name=\"robots\" content=\"index, follow, max-snippet:-1, max-image-preview:large, max-video-preview:-1\" \/>\n<link rel=\"canonical\" href=\"https:\/\/dezernatzukunft.org\/statement-at-the-european-parliamentary-week-2023\/\" \/>\n<meta property=\"og:locale\" content=\"en_US\" \/>\n<meta property=\"og:type\" content=\"article\" \/>\n<meta property=\"og:title\" content=\"Statement at the European Parliamentary Week 2023 - Dezernat Zukunft\" \/>\n<meta property=\"og:description\" content=\"Institut f\u00fcr Makrofinanzen\" \/>\n<meta property=\"og:url\" content=\"https:\/\/dezernatzukunft.org\/statement-at-the-european-parliamentary-week-2023\/\" \/>\n<meta property=\"og:site_name\" content=\"Dezernat Zukunft\" \/>\n<meta property=\"article:published_time\" content=\"2023-03-09T08:59:37+00:00\" \/>\n<meta property=\"article:modified_time\" content=\"2023-06-29T09:22:56+00:00\" \/>\n<meta property=\"og:image\" content=\"https:\/\/dezernatzukunft.org\/wp-content\/uploads\/2023\/03\/Beitragsbild_EU-Hearing.png\" \/>\n\t<meta property=\"og:image:width\" content=\"1600\" \/>\n\t<meta property=\"og:image:height\" content=\"933\" \/>\n\t<meta property=\"og:image:type\" content=\"image\/png\" \/>\n<meta name=\"author\" content=\"Philippa Sigl-Gl\u00f6ckner\" \/>\n<meta name=\"twitter:card\" content=\"summary_large_image\" \/>\n<meta name=\"twitter:creator\" content=\"@DezernatZ\" \/>\n<meta name=\"twitter:site\" content=\"@DezernatZ\" \/>\n<meta name=\"twitter:label1\" content=\"Written by\" \/>\n\t<meta name=\"twitter:data1\" content=\"Philippa Sigl-Gl\u00f6ckner\" \/>\n\t<meta name=\"twitter:label2\" content=\"Est. reading time\" \/>\n\t<meta name=\"twitter:data2\" content=\"1 minute\" \/>\n<script type=\"application\/ld+json\" class=\"yoast-schema-graph\">{\"@context\":\"https:\/\/schema.org\",\"@graph\":[{\"@type\":\"Article\",\"@id\":\"https:\/\/dezernatzukunft.org\/statement-at-the-european-parliamentary-week-2023\/#article\",\"isPartOf\":{\"@id\":\"https:\/\/dezernatzukunft.org\/statement-at-the-european-parliamentary-week-2023\/\"},\"author\":{\"name\":\"Philippa Sigl-Gl\u00f6ckner\",\"@id\":\"https:\/\/dezernatzukunft.org\/#\/schema\/person\/4ff85c6f0691d69676f236f6c1133d82\"},\"headline\":\"Statement at the European Parliamentary Week 2023\",\"datePublished\":\"2023-03-09T08:59:37+00:00\",\"dateModified\":\"2023-06-29T09:22:56+00:00\",\"mainEntityOfPage\":{\"@id\":\"https:\/\/dezernatzukunft.org\/statement-at-the-european-parliamentary-week-2023\/\"},\"wordCount\":54,\"publisher\":{\"@id\":\"https:\/\/dezernatzukunft.org\/#organization\"},\"image\":{\"@id\":\"https:\/\/dezernatzukunft.org\/statement-at-the-european-parliamentary-week-2023\/#primaryimage\"},\"thumbnailUrl\":\"https:\/\/dezernatzukunft.org\/wp-content\/uploads\/2023\/03\/Beitragsbild_EU-Hearing.png\",\"keywords\":[\"ENG\",\"Europe\",\"Fiscal Policy\",\"PSG\",\"show only English content\"],\"articleSection\":[\"Papers\"],\"inLanguage\":\"en-US\"},{\"@type\":\"WebPage\",\"@id\":\"https:\/\/dezernatzukunft.org\/statement-at-the-european-parliamentary-week-2023\/\",\"url\":\"https:\/\/dezernatzukunft.org\/statement-at-the-european-parliamentary-week-2023\/\",\"name\":\"Statement at the European Parliamentary Week 2023 - Dezernat Zukunft\",\"isPartOf\":{\"@id\":\"https:\/\/dezernatzukunft.org\/#website\"},\"primaryImageOfPage\":{\"@id\":\"https:\/\/dezernatzukunft.org\/statement-at-the-european-parliamentary-week-2023\/#primaryimage\"},\"image\":{\"@id\":\"https:\/\/dezernatzukunft.org\/statement-at-the-european-parliamentary-week-2023\/#primaryimage\"},\"thumbnailUrl\":\"https:\/\/dezernatzukunft.org\/wp-content\/uploads\/2023\/03\/Beitragsbild_EU-Hearing.png\",\"datePublished\":\"2023-03-09T08:59:37+00:00\",\"dateModified\":\"2023-06-29T09:22:56+00:00\",\"description\":\"Institut f\u00fcr Makrofinanzen\",\"breadcrumb\":{\"@id\":\"https:\/\/dezernatzukunft.org\/statement-at-the-european-parliamentary-week-2023\/#breadcrumb\"},\"inLanguage\":\"en-US\",\"potentialAction\":[{\"@type\":\"ReadAction\",\"target\":[\"https:\/\/dezernatzukunft.org\/statement-at-the-european-parliamentary-week-2023\/\"]}]},{\"@type\":\"ImageObject\",\"inLanguage\":\"en-US\",\"@id\":\"https:\/\/dezernatzukunft.org\/statement-at-the-european-parliamentary-week-2023\/#primaryimage\",\"url\":\"https:\/\/dezernatzukunft.org\/wp-content\/uploads\/2023\/03\/Beitragsbild_EU-Hearing.png\",\"contentUrl\":\"https:\/\/dezernatzukunft.org\/wp-content\/uploads\/2023\/03\/Beitragsbild_EU-Hearing.png\",\"width\":1600,\"height\":933},{\"@type\":\"BreadcrumbList\",\"@id\":\"https:\/\/dezernatzukunft.org\/statement-at-the-european-parliamentary-week-2023\/#breadcrumb\",\"itemListElement\":[{\"@type\":\"ListItem\",\"position\":1,\"name\":\"Home\",\"item\":\"https:\/\/dezernatzukunft.org\/en\/home_en\/\"},{\"@type\":\"ListItem\",\"position\":2,\"name\":\"Statement at the European Parliamentary Week 2023\"}]},{\"@type\":\"WebSite\",\"@id\":\"https:\/\/dezernatzukunft.org\/#website\",\"url\":\"https:\/\/dezernatzukunft.org\/\",\"name\":\"Dezernat Zukunft\",\"description\":\"Institut f\u00fcr Makrofinanzen\",\"publisher\":{\"@id\":\"https:\/\/dezernatzukunft.org\/#organization\"},\"potentialAction\":[{\"@type\":\"SearchAction\",\"target\":{\"@type\":\"EntryPoint\",\"urlTemplate\":\"https:\/\/dezernatzukunft.org\/?s={search_term_string}\"},\"query-input\":{\"@type\":\"PropertyValueSpecification\",\"valueRequired\":true,\"valueName\":\"search_term_string\"}}],\"inLanguage\":\"en-US\"},{\"@type\":\"Organization\",\"@id\":\"https:\/\/dezernatzukunft.org\/#organization\",\"name\":\"Dezernat Zukunft\",\"url\":\"https:\/\/dezernatzukunft.org\/\",\"logo\":{\"@type\":\"ImageObject\",\"inLanguage\":\"en-US\",\"@id\":\"https:\/\/dezernatzukunft.org\/#\/schema\/logo\/image\/\",\"url\":\"https:\/\/dezernatzukunft.org\/wp-content\/uploads\/2022\/05\/Dezernat_Zukunft-01_Zeichenfla\u0308che-1.png\",\"contentUrl\":\"https:\/\/dezernatzukunft.org\/wp-content\/uploads\/2022\/05\/Dezernat_Zukunft-01_Zeichenfla\u0308che-1.png\",\"width\":966,\"height\":167,\"caption\":\"Dezernat Zukunft\"},\"image\":{\"@id\":\"https:\/\/dezernatzukunft.org\/#\/schema\/logo\/image\/\"},\"sameAs\":[\"https:\/\/x.com\/DezernatZ\"]},{\"@type\":\"Person\",\"@id\":\"https:\/\/dezernatzukunft.org\/#\/schema\/person\/4ff85c6f0691d69676f236f6c1133d82\",\"name\":\"Philippa Sigl-Gl\u00f6ckner\",\"description\":\"Direktorin &amp; Gesch\u00e4ftsf\u00fchrerin Ehemals Bundesministerium der Finanzen, Beraterin des liberianischen Finanzministers, Weltbank and Bundesbank; MSc Computing Imperial College, BA Philosophy, Politics, Economics University of Oxford; Forbes 30 under 30, Atlantikbr\u00fccke Young Leaders, Handelsblatt Vordenker, Capital 40 under 40\",\"sameAs\":[\"https:\/\/twitter.com\/philippasigl\"],\"url\":\"https:\/\/dezernatzukunft.org\/en\/author\/philippasiglgloeckner\/\"}]}<\/script>\n<!-- \/ Yoast SEO plugin. -->","yoast_head_json":{"title":"Statement at the European Parliamentary Week 2023 - Dezernat Zukunft","description":"Institut f\u00fcr Makrofinanzen","robots":{"index":"index","follow":"follow","max-snippet":"max-snippet:-1","max-image-preview":"max-image-preview:large","max-video-preview":"max-video-preview:-1"},"canonical":"https:\/\/dezernatzukunft.org\/statement-at-the-european-parliamentary-week-2023\/","og_locale":"en_US","og_type":"article","og_title":"Statement at the European Parliamentary Week 2023 - Dezernat Zukunft","og_description":"Institut f\u00fcr Makrofinanzen","og_url":"https:\/\/dezernatzukunft.org\/statement-at-the-european-parliamentary-week-2023\/","og_site_name":"Dezernat Zukunft","article_published_time":"2023-03-09T08:59:37+00:00","article_modified_time":"2023-06-29T09:22:56+00:00","og_image":[{"width":1600,"height":933,"url":"https:\/\/dezernatzukunft.org\/wp-content\/uploads\/2023\/03\/Beitragsbild_EU-Hearing.png","type":"image\/png"}],"author":"Philippa Sigl-Gl\u00f6ckner","twitter_card":"summary_large_image","twitter_creator":"@DezernatZ","twitter_site":"@DezernatZ","twitter_misc":{"Written by":"Philippa Sigl-Gl\u00f6ckner","Est. reading time":"1 minute"},"schema":{"@context":"https:\/\/schema.org","@graph":[{"@type":"Article","@id":"https:\/\/dezernatzukunft.org\/statement-at-the-european-parliamentary-week-2023\/#article","isPartOf":{"@id":"https:\/\/dezernatzukunft.org\/statement-at-the-european-parliamentary-week-2023\/"},"author":{"name":"Philippa Sigl-Gl\u00f6ckner","@id":"https:\/\/dezernatzukunft.org\/#\/schema\/person\/4ff85c6f0691d69676f236f6c1133d82"},"headline":"Statement at the European Parliamentary Week 2023","datePublished":"2023-03-09T08:59:37+00:00","dateModified":"2023-06-29T09:22:56+00:00","mainEntityOfPage":{"@id":"https:\/\/dezernatzukunft.org\/statement-at-the-european-parliamentary-week-2023\/"},"wordCount":54,"publisher":{"@id":"https:\/\/dezernatzukunft.org\/#organization"},"image":{"@id":"https:\/\/dezernatzukunft.org\/statement-at-the-european-parliamentary-week-2023\/#primaryimage"},"thumbnailUrl":"https:\/\/dezernatzukunft.org\/wp-content\/uploads\/2023\/03\/Beitragsbild_EU-Hearing.png","keywords":["ENG","Europe","Fiscal Policy","PSG","show only English content"],"articleSection":["Papers"],"inLanguage":"en-US"},{"@type":"WebPage","@id":"https:\/\/dezernatzukunft.org\/statement-at-the-european-parliamentary-week-2023\/","url":"https:\/\/dezernatzukunft.org\/statement-at-the-european-parliamentary-week-2023\/","name":"Statement at the European Parliamentary Week 2023 - Dezernat Zukunft","isPartOf":{"@id":"https:\/\/dezernatzukunft.org\/#website"},"primaryImageOfPage":{"@id":"https:\/\/dezernatzukunft.org\/statement-at-the-european-parliamentary-week-2023\/#primaryimage"},"image":{"@id":"https:\/\/dezernatzukunft.org\/statement-at-the-european-parliamentary-week-2023\/#primaryimage"},"thumbnailUrl":"https:\/\/dezernatzukunft.org\/wp-content\/uploads\/2023\/03\/Beitragsbild_EU-Hearing.png","datePublished":"2023-03-09T08:59:37+00:00","dateModified":"2023-06-29T09:22:56+00:00","description":"Institut f\u00fcr Makrofinanzen","breadcrumb":{"@id":"https:\/\/dezernatzukunft.org\/statement-at-the-european-parliamentary-week-2023\/#breadcrumb"},"inLanguage":"en-US","potentialAction":[{"@type":"ReadAction","target":["https:\/\/dezernatzukunft.org\/statement-at-the-european-parliamentary-week-2023\/"]}]},{"@type":"ImageObject","inLanguage":"en-US","@id":"https:\/\/dezernatzukunft.org\/statement-at-the-european-parliamentary-week-2023\/#primaryimage","url":"https:\/\/dezernatzukunft.org\/wp-content\/uploads\/2023\/03\/Beitragsbild_EU-Hearing.png","contentUrl":"https:\/\/dezernatzukunft.org\/wp-content\/uploads\/2023\/03\/Beitragsbild_EU-Hearing.png","width":1600,"height":933},{"@type":"BreadcrumbList","@id":"https:\/\/dezernatzukunft.org\/statement-at-the-european-parliamentary-week-2023\/#breadcrumb","itemListElement":[{"@type":"ListItem","position":1,"name":"Home","item":"https:\/\/dezernatzukunft.org\/en\/home_en\/"},{"@type":"ListItem","position":2,"name":"Statement at the European Parliamentary Week 2023"}]},{"@type":"WebSite","@id":"https:\/\/dezernatzukunft.org\/#website","url":"https:\/\/dezernatzukunft.org\/","name":"Dezernat Zukunft","description":"Institut f\u00fcr Makrofinanzen","publisher":{"@id":"https:\/\/dezernatzukunft.org\/#organization"},"potentialAction":[{"@type":"SearchAction","target":{"@type":"EntryPoint","urlTemplate":"https:\/\/dezernatzukunft.org\/?s={search_term_string}"},"query-input":{"@type":"PropertyValueSpecification","valueRequired":true,"valueName":"search_term_string"}}],"inLanguage":"en-US"},{"@type":"Organization","@id":"https:\/\/dezernatzukunft.org\/#organization","name":"Dezernat Zukunft","url":"https:\/\/dezernatzukunft.org\/","logo":{"@type":"ImageObject","inLanguage":"en-US","@id":"https:\/\/dezernatzukunft.org\/#\/schema\/logo\/image\/","url":"https:\/\/dezernatzukunft.org\/wp-content\/uploads\/2022\/05\/Dezernat_Zukunft-01_Zeichenfla\u0308che-1.png","contentUrl":"https:\/\/dezernatzukunft.org\/wp-content\/uploads\/2022\/05\/Dezernat_Zukunft-01_Zeichenfla\u0308che-1.png","width":966,"height":167,"caption":"Dezernat Zukunft"},"image":{"@id":"https:\/\/dezernatzukunft.org\/#\/schema\/logo\/image\/"},"sameAs":["https:\/\/x.com\/DezernatZ"]},{"@type":"Person","@id":"https:\/\/dezernatzukunft.org\/#\/schema\/person\/4ff85c6f0691d69676f236f6c1133d82","name":"Philippa Sigl-Gl\u00f6ckner","description":"Direktorin &amp; Gesch\u00e4ftsf\u00fchrerin Ehemals Bundesministerium der Finanzen, Beraterin des liberianischen Finanzministers, Weltbank and Bundesbank; MSc Computing Imperial College, BA Philosophy, Politics, Economics University of Oxford; Forbes 30 under 30, Atlantikbr\u00fccke Young Leaders, Handelsblatt Vordenker, Capital 40 under 40","sameAs":["https:\/\/twitter.com\/philippasigl"],"url":"https:\/\/dezernatzukunft.org\/en\/author\/philippasiglgloeckner\/"}]}},"_links":{"self":[{"href":"https:\/\/dezernatzukunft.org\/en\/wp-json\/wp\/v2\/posts\/69474","targetHints":{"allow":["GET"]}}],"collection":[{"href":"https:\/\/dezernatzukunft.org\/en\/wp-json\/wp\/v2\/posts"}],"about":[{"href":"https:\/\/dezernatzukunft.org\/en\/wp-json\/wp\/v2\/types\/post"}],"author":[{"embeddable":true,"href":"https:\/\/dezernatzukunft.org\/en\/wp-json\/wp\/v2\/users\/39"}],"replies":[{"embeddable":true,"href":"https:\/\/dezernatzukunft.org\/en\/wp-json\/wp\/v2\/comments?post=69474"}],"version-history":[{"count":2,"href":"https:\/\/dezernatzukunft.org\/en\/wp-json\/wp\/v2\/posts\/69474\/revisions"}],"predecessor-version":[{"id":69477,"href":"https:\/\/dezernatzukunft.org\/en\/wp-json\/wp\/v2\/posts\/69474\/revisions\/69477"}],"wp:featuredmedia":[{"embeddable":true,"href":"https:\/\/dezernatzukunft.org\/en\/wp-json\/wp\/v2\/media\/69337"}],"wp:attachment":[{"href":"https:\/\/dezernatzukunft.org\/en\/wp-json\/wp\/v2\/media?parent=69474"}],"wp:term":[{"taxonomy":"category","embeddable":true,"href":"https:\/\/dezernatzukunft.org\/en\/wp-json\/wp\/v2\/categories?post=69474"},{"taxonomy":"post_tag","embeddable":true,"href":"https:\/\/dezernatzukunft.org\/en\/wp-json\/wp\/v2\/tags?post=69474"}],"curies":[{"name":"wp","href":"https:\/\/api.w.org\/{rel}","templated":true}]}}