{"id":4917,"date":"2021-06-24T14:20:27","date_gmt":"2021-06-24T12:20:27","guid":{"rendered":"http:\/\/www.dezernatzukunft.de\/?p=4917"},"modified":"2024-01-02T13:13:08","modified_gmt":"2024-01-02T12:13:08","slug":"70-milliarden-euro-fuer-unsere-zukunft-eine-neue-deutsche-finanzpolitik","status":"publish","type":"post","link":"https:\/\/dezernatzukunft.org\/en\/70-milliarden-euro-fuer-unsere-zukunft-eine-neue-deutsche-finanzpolitik\/","title":{"rendered":"70 Milliarden Euro f\u00fcr unsere Zukunft \u2013 Eine neue deutsche Finanzpolitik"},"content":{"rendered":"\n<p style=\"font-size:12px\"><strong><a href=\"mailto:max.krahe@dezernatzukunft.org\">Max Krah\u00e9<\/a><\/strong>, <strong>Pola Schneemelcher<\/strong><\/p>\n\n\n<div class=\"thn_post_wrap\">\n<div class=\"executivesum\" style=\"border-left: 8px solid #ee6174; text-align: left;\">\n<p>Letzte Woche haben wir beim Forum New Economy unsere <a href=\"https:\/\/newforum.org\/the-state\/eine-neue-deutsche-finanzpolitik\/\">Vorschl\u00e4ge<\/a> f\u00fcr eine neue deutsche Finanzpolitik ver\u00f6ffentlicht. Unser Kernargument: <a href=\"http:\/\/www.dezernatzukunft.de\/was-ist-zukunftsfaehigkeit\/\">zukunftsf\u00e4hige<\/a> Staatsfinanzen h\u00e4ngen heute an einer produktiven Wirtschaft und einem vollausgelasteten Arbeitsmarkt, nicht mehr am Erreichen einer bestimmten Schuldenquote. In diesem Dezernatsbrief fassen wir unsere Vorschl\u00e4ge, wie zukunftsf\u00e4hige Finanzpolitik in der Praxis aussehen k\u00f6nnte, knapp und \u00fcbersichtlich zusammen.<\/p>\n<\/div>\n<h4><strong>Eine neue finanzpolitische Zeit&nbsp;<\/strong><\/h4>\n<p>Finanzpolitisch leben wir in einer neuen Zeit. Die Zinsen sind so niedrig wie noch nie, Staatsanleihen haben <a href=\"http:\/\/www.dezernatzukunft.de\/deutschland-bekommt-112-millionen-euro-geschenkt\/\">negative Renditen<\/a>. Gleichzeitig steht Deutschland vor zwei Gro\u00dfaufgaben: dem Um- und Aufbau einer produktiven und dekarbonisierten industriellen Wirtschaft ohne Kernenergie, und dem Erhalt unseres Wohlstands trotz einer alternden Gesellschaft. Die Bew\u00e4ltigung dieser Herausforderungen erfordert Investitionen in gro\u00dfem Umfang, die Mobilisierung aller verf\u00fcgbaren Arbeitskr\u00e4fte sowie ausreichend hohe L\u00f6hne, um Produktivit\u00e4tsgewinne in Kaufkraft zu \u00fcbersetzen und Lebensstandards und Renten zu sichern.<\/p>\n<p>Doch eine produktive Wirtschaft ist nicht nur um ihrer selbst willen erstrebenswert. Mit ihr steht und f\u00e4llt gleichzeitig die <a href=\"http:\/\/www.dezernatzukunft.de\/was-ist-zukunftsfaehigkeit\/\">Nachhaltigkeit und Zukunftsf\u00e4higkeit<\/a> der \u00f6ffentlichen Finanzen, gerade heute: W\u00e4hrend Zinszahlungen im Jahr 2019 nur <a href=\"https:\/\/www.bundeshaushalt.de\/#\/2019\/ist\/ausgaben\/einzelplan\/32.html\">3,5 % des Bundeshaushalts<\/a> ausmachten, beliefen sich die Zusch\u00fcsse an die gesetzliche Rentenversicherung auf <a href=\"https:\/\/www.bundeshaushalt.de\/#\/2019\/ist\/ausgaben\/einzelplan\/11.html\">fast ein Drittel<\/a> des Haushalts. Das Verh\u00e4ltnis von Menschen im Rentenalter zur Erwerbsbev\u00f6lkerung wird von 36% im Jahr 2019 auf voraussichtlich 52% 2040 steigen, was hohe Anforderungen an die Sozialversicherungen stellt. Nachhaltige \u00f6ffentliche Finanzen sind daher darauf angewiesen, dass <a href=\"http:\/\/www.dezernatzukunft.de\/mit-hochdruck-zum-erfolg-gastbeitrag-von-jean-pisani-ferry-dem-kopf-hinter-macrons-wahlprogramm-2017\/\">m\u00f6glichst viele Menschen<\/a> in der Lage sind, ihren Lebensunterhalt durch Arbeit zu bestreiten und ihren Ruhestand zu finanzieren. Heute sind jedoch \u00fcber 10% der Erwerbst\u00e4tigen nur geringf\u00fcgig besch\u00e4ftigt, 22% verdienen 11,05 Euro oder weniger und 6% sind dauerhaft auf Sozialleistungen angewiesen.<\/p>\n<p>Wie k\u00f6nnte eine neue deutsche Finanzpolitik aussehen, die dieser Zeit und ihren Herausforderungen gerecht wird? Zun\u00e4chst gilt es, die <strong>Zielsetzung der Finanzpolitik<\/strong> anzupassen. Um heute langfristige Nachhaltigkeit zu sichern, sollte die Fiskalpolitik darauf abzielen, (1) die Zahl der Erwachsenen im erwerbsf\u00e4higen Alter, die Transferleistungen ben\u00f6tigen, zu reduzieren und (2) das Lohnwachstum zu unterst\u00fctzen, um den Bedarf an \u00f6ffentlichen Rentenzusch\u00fcssen zu begrenzen. Das Ziel, die Schuldenquote bei 60% zu begrenzen, sollte daher mit dem <strong>Ziel der Vollauslastung des Arbeitsmarkts<\/strong> ersetzt werden.<\/p>\n<h4><strong>Ein Paradigmenwechsel<\/strong><\/h4>\n<p>Wie k\u00f6nnte nun eine Finanzpolitik aussehen, die dieser neue Zielsetzung gerecht werden kann? Zur Beantwortung dieser Frage greifen wir auf den Paradigmenwechseln zur\u00fcck, den es in den letzten Jahren in der \u00f6konomischen Analyse von Staatsverschuldung und Fiskalpolitik gegeben hat. Neueste Publikationen, zum Beispiel von <a href=\"https:\/\/web.archive.org\/web\/20231227235146\/https:\/\/www.piie.com\/publications\/working-papers\/redesigning-eu-fiscal-rules-rules-standards\">Blanchard et al.<\/a>, <a href=\"https:\/\/newforum.org\/the-state\/neues-new-economy-working-paper-veroeffentlicht-michael-huether-and-jens-suedekum-die-schuldenbremse-nach-der-corona-krise\/\">S\u00fcdekum und H\u00fcther<\/a> oder <a href=\"https:\/\/www.brookings.edu\/wp-content\/uploads\/2020\/11\/furman-summers-fiscal-reconsideration-discussion-draft.pdf\">Furman und Summers<\/a>, argumentieren, dass (1) die Finanzierungskosten von Staatsschulden heute den Staatshaushalt weniger einschr\u00e4nken als in der Vergangenheit, sowohl in der kurzen als auch in der langen Frist; und (2) dass die Fiskalpolitik zur Steuerung der Gesamtnachfrage beitragen sollte, insbesondere um chronische Unterauslastung und wirtschaftliche wie finanzpolitische <a href=\"https:\/\/www.sciencedirect.com\/science\/article\/pii\/S0022199617301411\">Vernarbungen<\/a> in Folge von Abschw\u00fcngen zu verhindern.<\/p>\n<h4><strong>General\u00fcberholung der Schuldenbremse<\/strong><\/h4>\n<p>Aufbauend auf diesem Paradigmenwechsel schlagen wir eine General\u00fcberholung der Schuldenbremse vor. Heute begrenzt die Schuldenbremse das zul\u00e4ssige Haushaltsdefizit des Bundes1 auf 0,35% des BIPs<a href=\"#_ftn1\" name=\"_ftnref1\"><sup>[1]<\/sup><\/a>, welches allerdings um eine <strong>Konjunkturkomponente<\/strong> vergr\u00f6\u00dfert oder verkleinert wird, die mittels der EU-Methode zur Ermittlung des konjunkturbereinigten Haushaltssaldos berechnet wird. Die Schuldenbremse ist Teil der Verfassung, die Definition und Berechnung der Konjunkturkomponente einfachgesetzlich geregelt (siehe Abbildung; f\u00fcr weiteres, siehe unseren <a href=\"http:\/\/www.dezernatzukunft.de\/die-schuldenbremse-erklaert\/\">Erkl\u00e4rartikel<\/a> sowie das <a href=\"http:\/\/www.dezernatzukunft.de\/schuldenbremse-101\/\">Glossar Schuldenbremse 101<\/a>). Ausgenommen sind au\u00dferdem <strong>finanzielle Transaktionen<\/strong>, d.h. Transaktionen, die einen Tausch von Finanzaktiva beinhalten.<\/p>\n<\/div>\n<p style=\"text-align: center;\"><img loading=\"lazy\" decoding=\"async\" class=\"alignnone wp-image-4944 size-full\" src=\"http:\/\/www.dezernatzukunft.de\/wp-content\/uploads\/2021\/06\/Struktur-Schuldenbremse-2.jpg\" alt=\"\" width=\"1800\" height=\"1112\" srcset=\"https:\/\/dezernatzukunft.org\/wp-content\/uploads\/2021\/06\/Struktur-Schuldenbremse-2.jpg 1800w, https:\/\/dezernatzukunft.org\/wp-content\/uploads\/2021\/06\/Struktur-Schuldenbremse-2-300x185.jpg 300w, https:\/\/dezernatzukunft.org\/wp-content\/uploads\/2021\/06\/Struktur-Schuldenbremse-2-768x474.jpg 768w, https:\/\/dezernatzukunft.org\/wp-content\/uploads\/2021\/06\/Struktur-Schuldenbremse-2-1024x633.jpg 1024w, https:\/\/dezernatzukunft.org\/wp-content\/uploads\/2021\/06\/Struktur-Schuldenbremse-2-1536x949.jpg 1536w, https:\/\/dezernatzukunft.org\/wp-content\/uploads\/2021\/06\/Struktur-Schuldenbremse-2-100x62.jpg 100w, https:\/\/dezernatzukunft.org\/wp-content\/uploads\/2021\/06\/Struktur-Schuldenbremse-2-1184x731.jpg 1184w\" sizes=\"auto, (max-width: 1800px) 100vw, 1800px\" \/><em><span class=\"TextRun SCXW106097211 BCX0\" lang=\"DE-DE\" xml:lang=\"DE-DE\" data-contrast=\"none\"><span class=\"NormalTextRun SCXW106097211 BCX0\">Abbildung:&nbsp;<\/span><span class=\"NormalTextRun SCXW106097211 BCX0\">\u00dcberblick \u00fcber die rechtliche und \u00f6konomische Struktur der Schuldenbremse<\/span><\/span><span class=\"EOP SCXW106097211 BCX0\" data-ccp-props=\"{&quot;335551550&quot;:2,&quot;335551620&quot;:2,&quot;335559740&quot;:276}\">&nbsp;<\/span><\/em><\/p>\n<p>Unsere Vorschl\u00e4ge setzen an drei Punkten an.<\/p>\n<ul>\n<li><strong>Erstens: Vollauslastung<\/strong>. Wir schlagen vor, die Konjunkturkomponente der Schuldenbremse so weiterzuentwickeln, dass der zentralen Rolle eines vollausgelasteten Arbeitsmarkts f\u00fcr nachhaltige Finanzen Rechnung getragen wird. Das schafft schon f\u00fcr das Jahr 2023 <em data-stringify-type=\"italic\">\u2014<\/em>&nbsp;dem ersten, in dem die Schuldenbremse wieder greifen soll <em data-stringify-type=\"italic\">\u2014 <\/em>signifikanten fiskalischen Spielraum: <strong>circa 70 Milliarden Euro<\/strong>.<a href=\"#_ftn2\" name=\"_ftnref2\"><sup>[2]<\/sup><\/a> Dieser sollte genutzt werden, um die Wirtschaft zur Vollauslastung zu bewegen. Die Mehrausgaben w\u00fcrden Nachfrage schaffen, Besch\u00e4ftigung steigern, das Lohnwachstum unterst\u00fctzen und damit zur langfristigen Tragf\u00e4higkeit der \u00f6ffentlichen Finanzen beitragen. Ebenfalls zu beachten: Dieselbe Weiterentwicklung der Berechnungsmethoden k\u00f6nnte (auf der europ\u00e4ischen Ebene) auf die Konjunkturbereinigung des Haushaltssaldos im Rahmen des Stabilit\u00e4ts- und Wachstumspakts angewendet werden.<\/li>\n<li><span class=\"TextRun MacChromeBold SCXW224310025 BCX0\" lang=\"DE-DE\" xml:lang=\"DE-DE\" data-contrast=\"auto\"><strong><span class=\"NormalTextRun SCXW224310025 BCX0\">Zweitens<\/span><\/strong><span class=\"NormalTextRun SCXW224310025 BCX0\"><strong>: Investitionen<\/strong>.<\/span><\/span><span class=\"TextRun SCXW224310025 BCX0\" lang=\"DE-DE\" xml:lang=\"DE-DE\" data-contrast=\"auto\"><span class=\"NormalTextRun SCXW224310025 BCX0\">&nbsp;<\/span><span class=\"NormalTextRun SCXW224310025 BCX0\">Wir&nbsp;<\/span><span class=\"NormalTextRun SCXW224310025 BCX0\">erg\u00e4nzen dies<\/span><span class=\"NormalTextRun SCXW224310025 BCX0\">en Fokus auf Vollauslastung<\/span><span class=\"NormalTextRun SCXW224310025 BCX0\">&nbsp;durch einen Vorschlag zur Sicherstellung ausreichender Investitionen<\/span><span class=\"NormalTextRun SCXW224310025 BCX0\">. Diese sind<\/span><span class=\"NormalTextRun SCXW224310025 BCX0\">&nbsp;eine<\/span><span class=\"NormalTextRun SCXW224310025 BCX0\">&nbsp;zentrale&nbsp;<\/span><span class=\"NormalTextRun SCXW224310025 BCX0\">Voraussetzung f\u00fcr Produktivit\u00e4t<\/span><span class=\"NormalTextRun SCXW224310025 BCX0\">&nbsp;und sorgen daf\u00fcr, dass Vollauslastung mit dauerhaften Produktivit\u00e4tsgewinnen einhergeht<\/span><span class=\"NormalTextRun SCXW224310025 BCX0\">.&nbsp;<\/span><span class=\"NormalTextRun SCXW224310025 BCX0\">Dabei soll<\/span><span class=\"NormalTextRun SCXW224310025 BCX0\">t<\/span><span class=\"NormalTextRun SCXW224310025 BCX0\">en die&nbsp;<\/span><span class=\"NormalTextRun SCXW224310025 BCX0\">Investitionen dort geschehen, wo zurzeit der gr\u00f6\u00dfte Bedarf besteht<\/span><span class=\"NormalTextRun SCXW224310025 BCX0\">:<\/span><span class=\"NormalTextRun SCXW224310025 BCX0\">&nbsp;auf&nbsp;<\/span><\/span><a class=\"Hyperlink SCXW224310025 BCX0\" href=\"http:\/\/www.dezernatzukunft.de\/ein-kommunales-investitionsprogramm-fuer-das-naechste-jahrzehnt\/\" target=\"_blank\" rel=\"noreferrer noopener\"><span class=\"TextRun Underlined SCXW224310025 BCX0\" lang=\"DE-DE\" xml:lang=\"DE-DE\" data-contrast=\"none\"><span class=\"NormalTextRun SCXW224310025 BCX0\" data-ccp-charstyle=\"Hyperlink\">kommunaler Ebene<\/span><\/span><\/a><span class=\"TextRun SCXW224310025 BCX0\" lang=\"DE-DE\" xml:lang=\"DE-DE\" data-contrast=\"auto\"><span class=\"NormalTextRun SCXW224310025 BCX0\">.<\/span><\/span><span class=\"EOP SCXW224310025 BCX0\" data-ccp-props=\"{&quot;134233279&quot;:true,&quot;335551550&quot;:6,&quot;335551620&quot;:6,&quot;335559740&quot;:276}\">&nbsp;<\/span><\/li>\n<li><span class=\"TextRun MacChromeBold SCXW131082438 BCX0\" lang=\"DE-DE\" xml:lang=\"DE-DE\" data-contrast=\"auto\"><span class=\"NormalTextRun SCXW131082438 BCX0\"><strong>Drittens: der richtige Alarm<\/strong>.&nbsp;<\/span><\/span><span class=\"TextRun SCXW131082438 BCX0\" lang=\"DE-DE\" xml:lang=\"DE-DE\" data-contrast=\"auto\"><span class=\"NormalTextRun SCXW131082438 BCX0\">Um zu verhindern, dass hohe Zinszahlungen&nbsp;<\/span><span class=\"NormalTextRun SCXW131082438 BCX0\">den Haushalt belasten,&nbsp;<\/span><span class=\"NormalTextRun SCXW131082438 BCX0\">wie&nbsp;<\/span><span class=\"NormalTextRun SCXW131082438 BCX0\">zum Beispiel&nbsp;<\/span><span class=\"NormalTextRun SCXW131082438 BCX0\">in den 1990er und fr\u00fchen 2000er Jahren, schlagen wir die Einf\u00fchrung eines&nbsp;<\/span><span class=\"NormalTextRun SCXW131082438 BCX0\">neuen&nbsp;<\/span><span class=\"NormalTextRun SCXW131082438 BCX0\">Fr\u00fchwarnindikators vor, der den Anteil der Zinszahlungen am Haushalt \u00fcberwacht.<\/span><span class=\"NormalTextRun SCXW131082438 BCX0\">&nbsp;Dieser Indikator schl\u00e4gt fr\u00fcher und genauer an als die Schuldenquote<\/span><span class=\"NormalTextRun SCXW131082438 BCX0\">, welche durch ihn ersetzt werden sollte<\/span><span class=\"NormalTextRun SCXW131082438 BCX0\">.<\/span><\/span><span class=\"EOP SCXW131082438 BCX0\" data-ccp-props=\"{&quot;134233279&quot;:true,&quot;335551550&quot;:6,&quot;335551620&quot;:6,&quot;335559740&quot;:276}\">&nbsp;<\/span><\/li>\n<\/ul>\n<p><span class=\"TextRun SCXW132246660 BCX0\" lang=\"DE-DE\" xml:lang=\"DE-DE\" data-contrast=\"auto\"><span class=\"NormalTextRun SCXW132246660 BCX0\">Damit ber\u00fccksichtigen u<\/span><span class=\"NormalTextRun SCXW132246660 BCX0\">nsere Vorschl\u00e4ge die Aspekte Finanzierungskosten, Nachfragesteuerung<\/span><span class=\"NormalTextRun SCXW132246660 BCX0\">&nbsp;<\/span><span class=\"NormalTextRun SCXW132246660 BCX0\">sowie die F\u00f6rderung einer produktiven Angebotsseite. Um sicherzustellen, dass die Reformen&nbsp;<\/span><span class=\"NormalTextRun SCXW132246660 BCX0\">rasch&nbsp;<\/span><span class=\"NormalTextRun SCXW132246660 BCX0\">umgesetzt werden k\u00f6nn<\/span><span class=\"NormalTextRun SCXW132246660 BCX0\">t<\/span><span class=\"NormalTextRun SCXW132246660 BCX0\">en, beinhaltet keine von ihnen eine \u00c4nderung des Grundgesetzes.&nbsp;<\/span><span class=\"NormalTextRun SCXW132246660 BCX0\">Bleibt nur die Frage, ob die Politik sich traut, ihr Zukunftsversprechen in die Tat umzusetzen, und die ersten Schritte in Richtung einer neuen, nachhaltigen Finanzpolitik zu gehen<\/span><span class=\"NormalTextRun SCXW132246660 BCX0\">.<\/span><\/span><span class=\"EOP SCXW132246660 BCX0\" data-ccp-props=\"{&quot;335551550&quot;:6,&quot;335551620&quot;:6,&quot;335559740&quot;:276}\">&nbsp;<\/span><\/p>\n<div class=\"thn_post_wrap\">\n<hr>\n<h4><strong> Fu\u00dfnoten <\/strong><\/h4>\n<p><a href=\"#_ftnref1\" name=\"_ftn1\">[1]<\/a>&nbsp;Einschlie\u00dflich nach 2011 eingerichteter Sonderverm\u00f6gen.<\/p>\n<p><a href=\"#_ftnref2\" name=\"_ftn2\">[2]<\/a>&nbsp;Dies ergibt sich aus einer Konjunkturkomponente von ca. 60 Milliarden Euro, siehe S. 37 <a href=\"http:\/\/www.dezernatzukunft.de\/wp-content\/uploads\/2021\/06\/Eine_neue_deutsche_Finanzpolitik-14.6.pdf\">unseres Papiers<\/a>, plus ein regul\u00e4res strukturelles Defizit von ca. 10 Milliarden Euro (0,35% des f\u00fcr <a href=\"https:\/\/www.bmwi.de\/Redaktion\/DE\/Downloads\/G\/gesamtwirtschaftliches-produktionspotenzial-fruehjahrsprojektion-2021.pdf?__blob=publicationFile&amp;v=4\">2023 erwarteten BIPs<\/a>).<\/p>\n<p class=\"executivesum\" style=\"border-left: 8px solid #ee6174; text-align: center;\"><em>Der <strong>Dezernatsbrief<\/strong> ist ein zweiw\u00f6chentlicher Kommentar zu aktuellen Fragen der deutschen und europ\u00e4ischen \u00d6konomie. \u00dcber Feedback und Anregungen freuen wir uns und erbitten deren Zusendung an info[at]dezernatzukunft.org<\/em><\/p>\n<\/div>\n<hr>\n\n\n<p><strong>Veranstaltungen:<\/strong><\/p>\n\n\n\n<ul class=\"wp-block-list\">\n<li>Wir freuen uns, heute Abend&nbsp;<strong>Sven-Christian Kindler<\/strong>&nbsp;<strong>MdB<\/strong>, haushaltspolitischer Sprecher der gr\u00fcnen Bundestagsfraktion, begr\u00fc\u00dfen zu d\u00fcrfen.&nbsp;Im Rahmen&nbsp;unserer Sonderserie \u201e<strong>Reden wir \u00fcber Geld<\/strong>\u201c&nbsp;werden mit ihm \u00fcber das Wahlprogramm der Gr\u00fcnen&nbsp;f\u00fcr&nbsp;die kommende Bundestagswahl reden.&nbsp;<strong>Zur Anmeldung geht es&nbsp;<\/strong><a href=\"https:\/\/forms.office.com\/Pages\/ResponsePage.aspx?id=hZLfH-PbvEiNU68UWpg9izzQwb-1fXVFv9rg_wXVfetUREJTSk9ERkFOV0lKRjdERUIzSkU2TTJQVC4u\" target=\"_blank\" rel=\"noreferrer noopener\"><strong>hier<\/strong><\/a>.&nbsp;&nbsp;<\/li>\n\n\n\n<li>Am 8.7. wird ihm&nbsp;<strong>Carsten Schneider MdB,&nbsp;<\/strong>Erster Parlamentarischer Gesch\u00e4ftsf\u00fchrer der SPD-Bundestagsfraktion,&nbsp;in der gleichen Serie&nbsp;folgen. Mit den anderen demokratischen Parteien sind wir im Gespr\u00e4ch und hoffen bald, weitere Termine in dieser Reihe ank\u00fcndigen zu k\u00f6nnen.&nbsp;<\/li>\n\n\n\n<li>Am Montag hat Philippa einen&nbsp;Vortrag&nbsp;bei den Kritischen Wirtschaftswissenschaftler*innen der FU Berlin gehalten, zum Thema \u201eDrei Perspektiven auf Staatsverschuldung.\u201c&nbsp;Die&nbsp;Slides&nbsp;gibt es&nbsp;<a href=\"https:\/\/dezernatzukunft-my.sharepoint.com\/:p:\/g\/personal\/philippa_sigl-gloeckner_dezernatzukunft_org\/EWpIyT88vKhFpH_4XgojfeoBwSW0q0PZLSYLgiyTrkD2_Q?e=lxPpdC\" target=\"_blank\" rel=\"noreferrer noopener\">hier<\/a>.&nbsp;<\/li>\n\n\n\n<li>Letzten Samstag sprach&nbsp;Philippa bei&nbsp;<a href=\"https:\/\/www.bremische-buergerschaft.de\/index.php?id=722#:~:text=Die%20Bremische%20B%C3%BCrgerschaft%20hat%20Anfang,Klimaschutzabkommens%20bis%202030%20reduzieren%20kann.\" target=\"_blank\" rel=\"noreferrer noopener\">der Enquete Kommission zur Bremer Klimaschutzstrategie<\/a>&nbsp;zum Thema Finanzierungsm\u00f6glichkeiten auf Landesebene. Es wird zunehmend deutlich, wie gro\u00df die Herausforderungen bei der Finanzierung der&nbsp;Dekarbonisierung&nbsp;gerade auf regionaler und lokaler Ebene in den n\u00e4chsten Jahren sein werden.&nbsp;Gro\u00dfe Finanzierungsbedarfe scheinen&nbsp;vor allem&nbsp;bei W\u00e4rmenetzen, Geb\u00e4udesanierung und dem \u00f6ffentlichen Nahverkehr zu bestehen. Gleichzeitig sind die Haushalte von L\u00e4ndern und Kommunen von der Corona Krise gezeichnet. Wir werden dieses Thema weiterverfolgen; falls Ihr oder Sie&nbsp;Berichte&nbsp;oder Erfahrungen&nbsp;aus anderen L\u00e4ndern und Kommunen&nbsp;mit uns teilen m\u00f6chtet w\u00fcrde uns das freuen&nbsp;(gerne an&nbsp;<a href=\"mailto:info@dezernatzukunft.org\" target=\"_blank\" rel=\"noreferrer noopener\">info@dezernatzukunft.org<\/a>).&nbsp;<\/li>\n<\/ul>\n\n\n\n<p><strong>Ver\u00f6ffentlichungen:<\/strong><\/p>\n\n\n\n<ul class=\"wp-block-list\">\n<li>Das Forum New Economy hat unsere&nbsp;<a href=\"https:\/\/newforum.org\/the-state\/eine-neue-deutsche-finanzpolitik\/\" target=\"_blank\" rel=\"noreferrer noopener\">Vorschl\u00e4ge f\u00fcr eine neue deutsche Finanzpolitik<\/a>&nbsp;ver\u00f6ffentlicht.&nbsp;<\/li>\n\n\n\n<li>Max und Philippa haben eine&nbsp;<a href=\"https:\/\/www.ft.com\/content\/a92a20e2-7efb-497c-bc13-0e002d4aca2e\" target=\"_blank\" rel=\"noreferrer noopener\">Antwort<\/a>&nbsp;auf Wolfgang Sch\u00e4ubles&nbsp;<a href=\"https:\/\/www.ft.com\/content\/640d084b-7b13-4555-ba00-734f6daed078\" target=\"_blank\" rel=\"noreferrer noopener\">OpEd&nbsp;in der FT<\/a>&nbsp;unterzeichnet,&nbsp;welche&nbsp;deutlich macht, wieso uns der Fokus auf Sparsamkeit gerade im europ\u00e4ischen Kontext so viel Sorge bereitet.&nbsp;<\/li>\n\n\n\n<li>Makronom&nbsp;hat&nbsp;einen&nbsp;<a href=\"https:\/\/makronom.de\/sustainable-finance-gelenkte-maerkte-statt-lenkung-durch-maerkte-39555\" target=\"_blank\" rel=\"noreferrer noopener\">Artikel<\/a>&nbsp;von Max zum Thema nachhaltiges Finanzwesen ver\u00f6ffentlicht. Zusammen mit Philipp&nbsp;Golka&nbsp;erkl\u00e4rt er dort, warum ein Fokus auf mehr Transparenz und bessere Standards alleine nicht ausreichen wird, um Kapitalstr\u00f6me hin zu nachhaltigen Investitionen zu lenken.&nbsp;<\/li>\n\n\n\n<li>Zu guter Letzt:&nbsp;Wir k\u00f6nnen es uns nicht verkneifen, noch mal auf das&nbsp;<a href=\"https:\/\/www.faz.net\/aktuell\/wirtschaft\/spd-oekonomin-sigl-gloeckner-kaempft-gegen-die-schuldenbremse-17380926.html\" target=\"_blank\" rel=\"noreferrer noopener\">FAZ-Profil<\/a>&nbsp;von Philippa und dem Dezernat zu verweisen, das vor genau zwei Wochen erschienen ist.&nbsp;<\/li>\n<\/ul>\n\n\n\n<p><\/p>\n","protected":false},"excerpt":{"rendered":"<p>Letzte Woche haben wir beim Forum New Economy unsere Vorschl\u00e4ge f\u00fcr eine neue deutsche Finanzpolitik ver\u00f6ffentlicht. Unser Kernargument: zukunftsf\u00e4hige Staatsfinanzen h\u00e4ngen heute an einer produktiven Wirtschaft und einem vollausgelasteten Arbeitsmarkt, nicht mehr am Erreichen einer bestimmten Schuldenquote. \u00a0In diesem Dezernatsbrief fassen wir unsere Vorschl\u00e4ge, wie zukunftsf\u00e4hige Finanzpolitik in der Praxis aussehen k\u00f6nnte, knapp und \u00fcbersichtlich zusammen.<\/p>\n","protected":false},"author":41,"featured_media":4920,"comment_status":"closed","ping_status":"closed","sticky":false,"template":"","format":"standard","meta":{"_acf_changed":false,"footnotes":"","_links_to":"","_links_to_target":""},"categories":[161],"tags":[288,289,55,265,181,280,294,266],"class_list":["post-4917","post","type-post","status-publish","format-standard","has-post-thumbnail","hentry","category-geldbrief-en","tag-climate-en","tag-economic-policy-en","tag-fiscal-policy","tag-klima-en","tag-labour-market","tag-mk-en","tag-ps-en","tag-wirtschaftspolitik-en"],"acf":[],"yoast_head":"<!-- This site is optimized with the Yoast SEO plugin v26.8 - https:\/\/yoast.com\/product\/yoast-seo-wordpress\/ -->\n<title>70 Milliarden Euro f\u00fcr unsere Zukunft \u2013 Eine neue deutsche Finanzpolitik - Dezernat Zukunft<\/title>\n<meta name=\"description\" content=\"Institut f\u00fcr Makrofinanzen\" \/>\n<meta name=\"robots\" content=\"index, follow, max-snippet:-1, max-image-preview:large, max-video-preview:-1\" \/>\n<link rel=\"canonical\" href=\"https:\/\/dezernatzukunft.org\/70-milliarden-euro-fuer-unsere-zukunft-eine-neue-deutsche-finanzpolitik\/\" \/>\n<meta property=\"og:locale\" content=\"en_US\" \/>\n<meta property=\"og:type\" content=\"article\" \/>\n<meta property=\"og:title\" content=\"70 Milliarden Euro f\u00fcr unsere Zukunft \u2013 Eine neue deutsche Finanzpolitik - Dezernat Zukunft\" \/>\n<meta property=\"og:description\" content=\"Institut f\u00fcr Makrofinanzen\" \/>\n<meta property=\"og:url\" content=\"https:\/\/dezernatzukunft.org\/70-milliarden-euro-fuer-unsere-zukunft-eine-neue-deutsche-finanzpolitik\/\" \/>\n<meta property=\"og:site_name\" content=\"Dezernat Zukunft\" \/>\n<meta property=\"article:published_time\" content=\"2021-06-24T12:20:27+00:00\" \/>\n<meta property=\"article:modified_time\" content=\"2024-01-02T12:13:08+00:00\" \/>\n<meta property=\"og:image\" content=\"https:\/\/dezernatzukunft.org\/wp-content\/uploads\/2021\/06\/Dezernatsbrief-17.jpg\" \/>\n\t<meta property=\"og:image:width\" content=\"1800\" \/>\n\t<meta property=\"og:image:height\" content=\"1050\" \/>\n\t<meta property=\"og:image:type\" content=\"image\/jpeg\" \/>\n<meta name=\"author\" content=\"Max Krah\u00e9\" \/>\n<meta name=\"twitter:card\" content=\"summary_large_image\" \/>\n<meta name=\"twitter:creator\" content=\"@DezernatZ\" \/>\n<meta name=\"twitter:site\" content=\"@DezernatZ\" \/>\n<meta name=\"twitter:label1\" content=\"Written by\" \/>\n\t<meta name=\"twitter:data1\" content=\"Max Krah\u00e9\" \/>\n\t<meta name=\"twitter:label2\" content=\"Est. reading time\" \/>\n\t<meta name=\"twitter:data2\" content=\"7 minutes\" \/>\n<script type=\"application\/ld+json\" class=\"yoast-schema-graph\">{\"@context\":\"https:\/\/schema.org\",\"@graph\":[{\"@type\":\"Article\",\"@id\":\"https:\/\/dezernatzukunft.org\/70-milliarden-euro-fuer-unsere-zukunft-eine-neue-deutsche-finanzpolitik\/#article\",\"isPartOf\":{\"@id\":\"https:\/\/dezernatzukunft.org\/70-milliarden-euro-fuer-unsere-zukunft-eine-neue-deutsche-finanzpolitik\/\"},\"author\":{\"name\":\"Max Krah\u00e9\",\"@id\":\"https:\/\/dezernatzukunft.org\/#\/schema\/person\/19b698abed5cb742ad5605eaa84bffb9\"},\"headline\":\"70 Milliarden Euro f\u00fcr unsere Zukunft \u2013 Eine neue deutsche Finanzpolitik\",\"datePublished\":\"2021-06-24T12:20:27+00:00\",\"dateModified\":\"2024-01-02T12:13:08+00:00\",\"mainEntityOfPage\":{\"@id\":\"https:\/\/dezernatzukunft.org\/70-milliarden-euro-fuer-unsere-zukunft-eine-neue-deutsche-finanzpolitik\/\"},\"wordCount\":1390,\"publisher\":{\"@id\":\"https:\/\/dezernatzukunft.org\/#organization\"},\"image\":{\"@id\":\"https:\/\/dezernatzukunft.org\/70-milliarden-euro-fuer-unsere-zukunft-eine-neue-deutsche-finanzpolitik\/#primaryimage\"},\"thumbnailUrl\":\"https:\/\/dezernatzukunft.org\/wp-content\/uploads\/2021\/06\/Dezernatsbrief-17.jpg\",\"keywords\":[\"Climate\",\"Economic policy\",\"Fiscal Policy\",\"Klima\",\"Labour market\",\"MK\",\"PS\",\"Wirtschaftspolitik\"],\"articleSection\":[\"Geldbrief\"],\"inLanguage\":\"en-US\"},{\"@type\":\"WebPage\",\"@id\":\"https:\/\/dezernatzukunft.org\/70-milliarden-euro-fuer-unsere-zukunft-eine-neue-deutsche-finanzpolitik\/\",\"url\":\"https:\/\/dezernatzukunft.org\/70-milliarden-euro-fuer-unsere-zukunft-eine-neue-deutsche-finanzpolitik\/\",\"name\":\"70 Milliarden Euro f\u00fcr unsere Zukunft \u2013 Eine neue deutsche Finanzpolitik - Dezernat Zukunft\",\"isPartOf\":{\"@id\":\"https:\/\/dezernatzukunft.org\/#website\"},\"primaryImageOfPage\":{\"@id\":\"https:\/\/dezernatzukunft.org\/70-milliarden-euro-fuer-unsere-zukunft-eine-neue-deutsche-finanzpolitik\/#primaryimage\"},\"image\":{\"@id\":\"https:\/\/dezernatzukunft.org\/70-milliarden-euro-fuer-unsere-zukunft-eine-neue-deutsche-finanzpolitik\/#primaryimage\"},\"thumbnailUrl\":\"https:\/\/dezernatzukunft.org\/wp-content\/uploads\/2021\/06\/Dezernatsbrief-17.jpg\",\"datePublished\":\"2021-06-24T12:20:27+00:00\",\"dateModified\":\"2024-01-02T12:13:08+00:00\",\"description\":\"Institut f\u00fcr Makrofinanzen\",\"breadcrumb\":{\"@id\":\"https:\/\/dezernatzukunft.org\/70-milliarden-euro-fuer-unsere-zukunft-eine-neue-deutsche-finanzpolitik\/#breadcrumb\"},\"inLanguage\":\"en-US\",\"potentialAction\":[{\"@type\":\"ReadAction\",\"target\":[\"https:\/\/dezernatzukunft.org\/70-milliarden-euro-fuer-unsere-zukunft-eine-neue-deutsche-finanzpolitik\/\"]}]},{\"@type\":\"ImageObject\",\"inLanguage\":\"en-US\",\"@id\":\"https:\/\/dezernatzukunft.org\/70-milliarden-euro-fuer-unsere-zukunft-eine-neue-deutsche-finanzpolitik\/#primaryimage\",\"url\":\"https:\/\/dezernatzukunft.org\/wp-content\/uploads\/2021\/06\/Dezernatsbrief-17.jpg\",\"contentUrl\":\"https:\/\/dezernatzukunft.org\/wp-content\/uploads\/2021\/06\/Dezernatsbrief-17.jpg\",\"width\":1800,\"height\":1050},{\"@type\":\"BreadcrumbList\",\"@id\":\"https:\/\/dezernatzukunft.org\/70-milliarden-euro-fuer-unsere-zukunft-eine-neue-deutsche-finanzpolitik\/#breadcrumb\",\"itemListElement\":[{\"@type\":\"ListItem\",\"position\":1,\"name\":\"Home\",\"item\":\"https:\/\/dezernatzukunft.org\/en\/home_en\/\"},{\"@type\":\"ListItem\",\"position\":2,\"name\":\"70 Milliarden Euro f\u00fcr unsere Zukunft \u2013 Eine neue deutsche Finanzpolitik\"}]},{\"@type\":\"WebSite\",\"@id\":\"https:\/\/dezernatzukunft.org\/#website\",\"url\":\"https:\/\/dezernatzukunft.org\/\",\"name\":\"Dezernat Zukunft\",\"description\":\"Institut f\u00fcr Makrofinanzen\",\"publisher\":{\"@id\":\"https:\/\/dezernatzukunft.org\/#organization\"},\"potentialAction\":[{\"@type\":\"SearchAction\",\"target\":{\"@type\":\"EntryPoint\",\"urlTemplate\":\"https:\/\/dezernatzukunft.org\/?s={search_term_string}\"},\"query-input\":{\"@type\":\"PropertyValueSpecification\",\"valueRequired\":true,\"valueName\":\"search_term_string\"}}],\"inLanguage\":\"en-US\"},{\"@type\":\"Organization\",\"@id\":\"https:\/\/dezernatzukunft.org\/#organization\",\"name\":\"Dezernat Zukunft\",\"url\":\"https:\/\/dezernatzukunft.org\/\",\"logo\":{\"@type\":\"ImageObject\",\"inLanguage\":\"en-US\",\"@id\":\"https:\/\/dezernatzukunft.org\/#\/schema\/logo\/image\/\",\"url\":\"https:\/\/dezernatzukunft.org\/wp-content\/uploads\/2022\/05\/Dezernat_Zukunft-01_Zeichenfla\u0308che-1.png\",\"contentUrl\":\"https:\/\/dezernatzukunft.org\/wp-content\/uploads\/2022\/05\/Dezernat_Zukunft-01_Zeichenfla\u0308che-1.png\",\"width\":966,\"height\":167,\"caption\":\"Dezernat Zukunft\"},\"image\":{\"@id\":\"https:\/\/dezernatzukunft.org\/#\/schema\/logo\/image\/\"},\"sameAs\":[\"https:\/\/x.com\/DezernatZ\"]},{\"@type\":\"Person\",\"@id\":\"https:\/\/dezernatzukunft.org\/#\/schema\/person\/19b698abed5cb742ad5605eaa84bffb9\",\"name\":\"Max Krah\u00e9\",\"url\":\"https:\/\/dezernatzukunft.org\/en\/author\/maxkrahe\/\"}]}<\/script>\n<!-- \/ Yoast SEO plugin. -->","yoast_head_json":{"title":"70 Milliarden Euro f\u00fcr unsere Zukunft \u2013 Eine neue deutsche Finanzpolitik - Dezernat Zukunft","description":"Institut f\u00fcr Makrofinanzen","robots":{"index":"index","follow":"follow","max-snippet":"max-snippet:-1","max-image-preview":"max-image-preview:large","max-video-preview":"max-video-preview:-1"},"canonical":"https:\/\/dezernatzukunft.org\/70-milliarden-euro-fuer-unsere-zukunft-eine-neue-deutsche-finanzpolitik\/","og_locale":"en_US","og_type":"article","og_title":"70 Milliarden Euro f\u00fcr unsere Zukunft \u2013 Eine neue deutsche Finanzpolitik - Dezernat Zukunft","og_description":"Institut f\u00fcr Makrofinanzen","og_url":"https:\/\/dezernatzukunft.org\/70-milliarden-euro-fuer-unsere-zukunft-eine-neue-deutsche-finanzpolitik\/","og_site_name":"Dezernat Zukunft","article_published_time":"2021-06-24T12:20:27+00:00","article_modified_time":"2024-01-02T12:13:08+00:00","og_image":[{"width":1800,"height":1050,"url":"https:\/\/dezernatzukunft.org\/wp-content\/uploads\/2021\/06\/Dezernatsbrief-17.jpg","type":"image\/jpeg"}],"author":"Max Krah\u00e9","twitter_card":"summary_large_image","twitter_creator":"@DezernatZ","twitter_site":"@DezernatZ","twitter_misc":{"Written by":"Max Krah\u00e9","Est. reading time":"7 minutes"},"schema":{"@context":"https:\/\/schema.org","@graph":[{"@type":"Article","@id":"https:\/\/dezernatzukunft.org\/70-milliarden-euro-fuer-unsere-zukunft-eine-neue-deutsche-finanzpolitik\/#article","isPartOf":{"@id":"https:\/\/dezernatzukunft.org\/70-milliarden-euro-fuer-unsere-zukunft-eine-neue-deutsche-finanzpolitik\/"},"author":{"name":"Max Krah\u00e9","@id":"https:\/\/dezernatzukunft.org\/#\/schema\/person\/19b698abed5cb742ad5605eaa84bffb9"},"headline":"70 Milliarden Euro f\u00fcr unsere Zukunft \u2013 Eine neue deutsche Finanzpolitik","datePublished":"2021-06-24T12:20:27+00:00","dateModified":"2024-01-02T12:13:08+00:00","mainEntityOfPage":{"@id":"https:\/\/dezernatzukunft.org\/70-milliarden-euro-fuer-unsere-zukunft-eine-neue-deutsche-finanzpolitik\/"},"wordCount":1390,"publisher":{"@id":"https:\/\/dezernatzukunft.org\/#organization"},"image":{"@id":"https:\/\/dezernatzukunft.org\/70-milliarden-euro-fuer-unsere-zukunft-eine-neue-deutsche-finanzpolitik\/#primaryimage"},"thumbnailUrl":"https:\/\/dezernatzukunft.org\/wp-content\/uploads\/2021\/06\/Dezernatsbrief-17.jpg","keywords":["Climate","Economic policy","Fiscal Policy","Klima","Labour market","MK","PS","Wirtschaftspolitik"],"articleSection":["Geldbrief"],"inLanguage":"en-US"},{"@type":"WebPage","@id":"https:\/\/dezernatzukunft.org\/70-milliarden-euro-fuer-unsere-zukunft-eine-neue-deutsche-finanzpolitik\/","url":"https:\/\/dezernatzukunft.org\/70-milliarden-euro-fuer-unsere-zukunft-eine-neue-deutsche-finanzpolitik\/","name":"70 Milliarden Euro f\u00fcr unsere Zukunft \u2013 Eine neue deutsche Finanzpolitik - Dezernat Zukunft","isPartOf":{"@id":"https:\/\/dezernatzukunft.org\/#website"},"primaryImageOfPage":{"@id":"https:\/\/dezernatzukunft.org\/70-milliarden-euro-fuer-unsere-zukunft-eine-neue-deutsche-finanzpolitik\/#primaryimage"},"image":{"@id":"https:\/\/dezernatzukunft.org\/70-milliarden-euro-fuer-unsere-zukunft-eine-neue-deutsche-finanzpolitik\/#primaryimage"},"thumbnailUrl":"https:\/\/dezernatzukunft.org\/wp-content\/uploads\/2021\/06\/Dezernatsbrief-17.jpg","datePublished":"2021-06-24T12:20:27+00:00","dateModified":"2024-01-02T12:13:08+00:00","description":"Institut f\u00fcr Makrofinanzen","breadcrumb":{"@id":"https:\/\/dezernatzukunft.org\/70-milliarden-euro-fuer-unsere-zukunft-eine-neue-deutsche-finanzpolitik\/#breadcrumb"},"inLanguage":"en-US","potentialAction":[{"@type":"ReadAction","target":["https:\/\/dezernatzukunft.org\/70-milliarden-euro-fuer-unsere-zukunft-eine-neue-deutsche-finanzpolitik\/"]}]},{"@type":"ImageObject","inLanguage":"en-US","@id":"https:\/\/dezernatzukunft.org\/70-milliarden-euro-fuer-unsere-zukunft-eine-neue-deutsche-finanzpolitik\/#primaryimage","url":"https:\/\/dezernatzukunft.org\/wp-content\/uploads\/2021\/06\/Dezernatsbrief-17.jpg","contentUrl":"https:\/\/dezernatzukunft.org\/wp-content\/uploads\/2021\/06\/Dezernatsbrief-17.jpg","width":1800,"height":1050},{"@type":"BreadcrumbList","@id":"https:\/\/dezernatzukunft.org\/70-milliarden-euro-fuer-unsere-zukunft-eine-neue-deutsche-finanzpolitik\/#breadcrumb","itemListElement":[{"@type":"ListItem","position":1,"name":"Home","item":"https:\/\/dezernatzukunft.org\/en\/home_en\/"},{"@type":"ListItem","position":2,"name":"70 Milliarden Euro f\u00fcr unsere Zukunft \u2013 Eine neue deutsche Finanzpolitik"}]},{"@type":"WebSite","@id":"https:\/\/dezernatzukunft.org\/#website","url":"https:\/\/dezernatzukunft.org\/","name":"Dezernat Zukunft","description":"Institut f\u00fcr Makrofinanzen","publisher":{"@id":"https:\/\/dezernatzukunft.org\/#organization"},"potentialAction":[{"@type":"SearchAction","target":{"@type":"EntryPoint","urlTemplate":"https:\/\/dezernatzukunft.org\/?s={search_term_string}"},"query-input":{"@type":"PropertyValueSpecification","valueRequired":true,"valueName":"search_term_string"}}],"inLanguage":"en-US"},{"@type":"Organization","@id":"https:\/\/dezernatzukunft.org\/#organization","name":"Dezernat Zukunft","url":"https:\/\/dezernatzukunft.org\/","logo":{"@type":"ImageObject","inLanguage":"en-US","@id":"https:\/\/dezernatzukunft.org\/#\/schema\/logo\/image\/","url":"https:\/\/dezernatzukunft.org\/wp-content\/uploads\/2022\/05\/Dezernat_Zukunft-01_Zeichenfla\u0308che-1.png","contentUrl":"https:\/\/dezernatzukunft.org\/wp-content\/uploads\/2022\/05\/Dezernat_Zukunft-01_Zeichenfla\u0308che-1.png","width":966,"height":167,"caption":"Dezernat Zukunft"},"image":{"@id":"https:\/\/dezernatzukunft.org\/#\/schema\/logo\/image\/"},"sameAs":["https:\/\/x.com\/DezernatZ"]},{"@type":"Person","@id":"https:\/\/dezernatzukunft.org\/#\/schema\/person\/19b698abed5cb742ad5605eaa84bffb9","name":"Max Krah\u00e9","url":"https:\/\/dezernatzukunft.org\/en\/author\/maxkrahe\/"}]}},"_links":{"self":[{"href":"https:\/\/dezernatzukunft.org\/en\/wp-json\/wp\/v2\/posts\/4917","targetHints":{"allow":["GET"]}}],"collection":[{"href":"https:\/\/dezernatzukunft.org\/en\/wp-json\/wp\/v2\/posts"}],"about":[{"href":"https:\/\/dezernatzukunft.org\/en\/wp-json\/wp\/v2\/types\/post"}],"author":[{"embeddable":true,"href":"https:\/\/dezernatzukunft.org\/en\/wp-json\/wp\/v2\/users\/41"}],"replies":[{"embeddable":true,"href":"https:\/\/dezernatzukunft.org\/en\/wp-json\/wp\/v2\/comments?post=4917"}],"version-history":[{"count":19,"href":"https:\/\/dezernatzukunft.org\/en\/wp-json\/wp\/v2\/posts\/4917\/revisions"}],"predecessor-version":[{"id":72704,"href":"https:\/\/dezernatzukunft.org\/en\/wp-json\/wp\/v2\/posts\/4917\/revisions\/72704"}],"wp:featuredmedia":[{"embeddable":true,"href":"https:\/\/dezernatzukunft.org\/en\/wp-json\/wp\/v2\/media\/4920"}],"wp:attachment":[{"href":"https:\/\/dezernatzukunft.org\/en\/wp-json\/wp\/v2\/media?parent=4917"}],"wp:term":[{"taxonomy":"category","embeddable":true,"href":"https:\/\/dezernatzukunft.org\/en\/wp-json\/wp\/v2\/categories?post=4917"},{"taxonomy":"post_tag","embeddable":true,"href":"https:\/\/dezernatzukunft.org\/en\/wp-json\/wp\/v2\/tags?post=4917"}],"curies":[{"name":"wp","href":"https:\/\/api.w.org\/{rel}","templated":true}]}}