{"id":10927,"date":"2022-06-16T17:00:00","date_gmt":"2022-06-16T15:00:00","guid":{"rendered":"https:\/\/dezernat-zukunft.org\/?p=10927"},"modified":"2023-06-29T11:29:02","modified_gmt":"2023-06-29T09:29:02","slug":"die-arbeitsmarktampel","status":"publish","type":"post","link":"https:\/\/dezernatzukunft.org\/en\/die-arbeitsmarktampel\/","title":{"rendered":"Die Arbeitsmarktampel"},"content":{"rendered":"\n<p><a href=\"https:\/\/dezernatzukunft.org\/wp-admin\/edit.php?post_type=post\"><\/a><\/p>\n\n\n<p><strong><a href=\"mailto:pola.schneemelcher@dezernatzukunft.org\">Pola Schneemelcher<\/a><\/strong>, Viola Hilbert, Max Krah\u00e9, Philippa Sigl-Gl\u00f6ckner<\/p>\n<p><a class=\"testbutton\" href=\"https:\/\/dezernatzukunft.org\/wp-content\/uploads\/2022\/06\/Schneemelcher-et-al.-2022-Die-Arbeitsmarktampel-2.pdf\" target=\"_blank\" rel=\"noopener\"> Download PDF <\/a><\/p>\n<p>Der deutsche Arbeitsmarkt wird \u2014 au\u00dferhalb von Expertenkreisen \u2014 oft auf die Arbeitslosenquote<br>reduziert. Ist diese so niedrig wie in den vergangenen Jahren, wird gerne von Vollbesch\u00e4ftigung<br>gesprochen. Doch diese Betrachtung greift zu kurz: Die Arbeitslosenquote gibt nicht an, ob<br>die Arbeit den Menschen entspricht, ihre F\u00e4higkeiten optimal oder auch nur gut nutzt, oder ihnen<br>ein Leben in W\u00fcrde erm\u00f6glicht. Sie gibt also wenig Auskunft dar\u00fcber, ob das Potenzial des Arbeitsmarkts<br>ausgesch\u00f6pft ist und ob er ein gutes Leben erm\u00f6glicht. In Zeiten von Fachkr\u00e4ftemangel und<br>demografischem Wandel, Prekarisierung und gro\u00dfem Niedriglohnsektor, reicht eine reine<br>Betrachtung der Arbeitslosenquote nicht mehr aus.<\/p>\n<p>Wir schlagen daher ein neues Indikatorensystem vor, die Arbeitsmarktampel. Sie stellt den<br>Versuch dar, die Arbeitsmarktlage und -entwicklung nicht nur mehrdimensional abzubilden,<br>sondern auch historisch und geographisch einzuordnen. Dabei betrachten wir sowohl die Seite der<br>Besch\u00e4ftigungslosigkeit als auch die Seite der Erwerbst\u00e4tigkeit des Arbeitsmarkts.<\/p>\n<p>Mit unserem Vorschlag wollen wir einerseits eine breitere Debatte dar\u00fcber ansto\u00dfen, wie ein<br>Arbeitsmarkt jenseits der Vollbesch\u00e4ftigung aussehen kann. Gleichzeitig wollen wir auf L\u00fccken in<br>der bestehenden Arbeitsmarktdatenlandschaft aufmerksam machen und eine Agenda f\u00fcr weiterf\u00fchrende<br>Forschung skizzieren. Unsere Schlussfolgerungen sind, dass eine Erholung des Arbeitsmarktes<br>nach Corona erkennbar ist, jedoch noch l\u00e4ngst nicht alle mitnimmt, sowie dass gerade im<br>Bereich der Lohndaten erhebliche L\u00fccken bestehen, die schnellstm\u00f6glich gef\u00fcllt werden sollten.<br>Das vorliegende Short Paper basiert auf unserem Hintergrundpapier \u201eWie sieht ein guter Arbeitsmarkt<br>aus?\u201c, das zeitnah ver\u00f6ffentlicht wird. Eine zusammenfassende \u00dcbersicht \u00fcber den Stand<br>dieser und weiterer Arbeitsmarktindikatoren wird k\u00fcnftig regelm\u00e4\u00dfig an dieser Stelle erscheinen.<\/p>\n<hr>\n<p class=\"executivesum\" style=\"border-left: 8px solid #ee6174; text-align: center;\"><em>Um \u00fcber unsere weiteren Ver\u00f6ffentlichungen auf dem Laufenden zu bleiben, abonniert gerne unseren<\/em><a href=\"https:\/\/dezernatzukunft.us18.list-manage.com\/subscribe?u=e80f99448e2133d2d0099e4cb&amp;id=2a7db2a8a7\"><em> Newsletter<\/em><\/a><em>. <\/em><\/p>","protected":false},"excerpt":{"rendered":"<p>Zentralbanken kommunizierten \u00fcber Jahre hinweg, sie steuerten das Preisniveau nicht \u00fcber Zinsen, sondern \u00fcber die Geldmenge. Wir zeigen, wie dieser historische Irrtum (Geld)Politik werden konnte und weshalb nach Au\u00dfen hin weiter das veraltete Verst\u00e4ndnis gepredigt wurde, w\u00e4hrend die tats\u00e4chliche Politik schon ganz anders aussah.<\/p>\n","protected":false},"author":40,"featured_media":10858,"comment_status":"closed","ping_status":"closed","sticky":false,"template":"","format":"standard","meta":{"_acf_changed":false,"footnotes":"","_links_to":"","_links_to_target":""},"categories":[194],"tags":[232,55,228,181,280,294,281,185,233],"class_list":["post-10927","post","type-post","status-publish","format-standard","has-post-thumbnail","hentry","category-papers","tag-arbeit-en","tag-fiscal-policy","tag-fiskalpolitik-en","tag-labour-market","tag-mk-en","tag-ps-en","tag-psg-en","tag-social-policy","tag-soziales-en"],"acf":[],"yoast_head":"<!-- This site is optimized with the Yoast SEO plugin v26.8 - https:\/\/yoast.com\/product\/yoast-seo-wordpress\/ -->\n<title>Die Arbeitsmarktampel - Dezernat Zukunft<\/title>\n<meta name=\"description\" content=\"Institut f\u00fcr Makrofinanzen\" \/>\n<meta name=\"robots\" content=\"index, follow, max-snippet:-1, max-image-preview:large, max-video-preview:-1\" \/>\n<link rel=\"canonical\" href=\"https:\/\/dezernatzukunft.org\/en\/die-arbeitsmarktampel\/\" \/>\n<meta property=\"og:locale\" content=\"en_US\" \/>\n<meta property=\"og:type\" content=\"article\" \/>\n<meta property=\"og:title\" content=\"Die Arbeitsmarktampel - Dezernat Zukunft\" \/>\n<meta property=\"og:description\" content=\"Institut f\u00fcr Makrofinanzen\" \/>\n<meta property=\"og:url\" content=\"https:\/\/dezernatzukunft.org\/en\/die-arbeitsmarktampel\/\" \/>\n<meta property=\"og:site_name\" content=\"Dezernat Zukunft\" \/>\n<meta property=\"article:published_time\" content=\"2022-06-16T15:00:00+00:00\" \/>\n<meta property=\"article:modified_time\" content=\"2023-06-29T09:29:02+00:00\" \/>\n<meta property=\"og:image\" content=\"https:\/\/dezernatzukunft.org\/wp-content\/uploads\/2022\/06\/Beitragsbild-4.png\" \/>\n\t<meta property=\"og:image:width\" content=\"1600\" \/>\n\t<meta property=\"og:image:height\" content=\"933\" \/>\n\t<meta property=\"og:image:type\" content=\"image\/png\" \/>\n<meta name=\"author\" content=\"Pola Schneemelcher\" \/>\n<meta name=\"twitter:card\" content=\"summary_large_image\" \/>\n<meta name=\"twitter:creator\" content=\"@DezernatZ\" \/>\n<meta name=\"twitter:site\" content=\"@DezernatZ\" \/>\n<meta name=\"twitter:label1\" content=\"Written by\" \/>\n\t<meta name=\"twitter:data1\" content=\"Pola Schneemelcher\" \/>\n\t<meta name=\"twitter:label2\" content=\"Est. reading time\" \/>\n\t<meta name=\"twitter:data2\" content=\"2 minutes\" \/>\n<script type=\"application\/ld+json\" class=\"yoast-schema-graph\">{\"@context\":\"https:\/\/schema.org\",\"@graph\":[{\"@type\":\"Article\",\"@id\":\"https:\/\/dezernatzukunft.org\/en\/die-arbeitsmarktampel\/#article\",\"isPartOf\":{\"@id\":\"https:\/\/dezernatzukunft.org\/en\/die-arbeitsmarktampel\/\"},\"author\":{\"name\":\"Pola Schneemelcher\",\"@id\":\"https:\/\/dezernatzukunft.org\/#\/schema\/person\/59d55f110461f0db3110f5dd4d9f1962\"},\"headline\":\"Die Arbeitsmarktampel\",\"datePublished\":\"2022-06-16T15:00:00+00:00\",\"dateModified\":\"2023-06-29T09:29:02+00:00\",\"mainEntityOfPage\":{\"@id\":\"https:\/\/dezernatzukunft.org\/en\/die-arbeitsmarktampel\/\"},\"wordCount\":284,\"publisher\":{\"@id\":\"https:\/\/dezernatzukunft.org\/#organization\"},\"image\":{\"@id\":\"https:\/\/dezernatzukunft.org\/en\/die-arbeitsmarktampel\/#primaryimage\"},\"thumbnailUrl\":\"https:\/\/dezernatzukunft.org\/wp-content\/uploads\/2022\/06\/Beitragsbild-4.png\",\"keywords\":[\"Arbeit\",\"Fiscal Policy\",\"Fiskalpolitik\",\"Labour market\",\"MK\",\"PS\",\"PSG\",\"Social policy\",\"Soziales\"],\"articleSection\":[\"Papers\"],\"inLanguage\":\"en-US\"},{\"@type\":\"WebPage\",\"@id\":\"https:\/\/dezernatzukunft.org\/en\/die-arbeitsmarktampel\/\",\"url\":\"https:\/\/dezernatzukunft.org\/en\/die-arbeitsmarktampel\/\",\"name\":\"Die Arbeitsmarktampel - Dezernat Zukunft\",\"isPartOf\":{\"@id\":\"https:\/\/dezernatzukunft.org\/#website\"},\"primaryImageOfPage\":{\"@id\":\"https:\/\/dezernatzukunft.org\/en\/die-arbeitsmarktampel\/#primaryimage\"},\"image\":{\"@id\":\"https:\/\/dezernatzukunft.org\/en\/die-arbeitsmarktampel\/#primaryimage\"},\"thumbnailUrl\":\"https:\/\/dezernatzukunft.org\/wp-content\/uploads\/2022\/06\/Beitragsbild-4.png\",\"datePublished\":\"2022-06-16T15:00:00+00:00\",\"dateModified\":\"2023-06-29T09:29:02+00:00\",\"description\":\"Institut f\u00fcr Makrofinanzen\",\"breadcrumb\":{\"@id\":\"https:\/\/dezernatzukunft.org\/en\/die-arbeitsmarktampel\/#breadcrumb\"},\"inLanguage\":\"en-US\",\"potentialAction\":[{\"@type\":\"ReadAction\",\"target\":[\"https:\/\/dezernatzukunft.org\/en\/die-arbeitsmarktampel\/\"]}]},{\"@type\":\"ImageObject\",\"inLanguage\":\"en-US\",\"@id\":\"https:\/\/dezernatzukunft.org\/en\/die-arbeitsmarktampel\/#primaryimage\",\"url\":\"https:\/\/dezernatzukunft.org\/wp-content\/uploads\/2022\/06\/Beitragsbild-4.png\",\"contentUrl\":\"https:\/\/dezernatzukunft.org\/wp-content\/uploads\/2022\/06\/Beitragsbild-4.png\",\"width\":1600,\"height\":933},{\"@type\":\"BreadcrumbList\",\"@id\":\"https:\/\/dezernatzukunft.org\/en\/die-arbeitsmarktampel\/#breadcrumb\",\"itemListElement\":[{\"@type\":\"ListItem\",\"position\":1,\"name\":\"Home\",\"item\":\"https:\/\/dezernatzukunft.org\/en\/home_en\/\"},{\"@type\":\"ListItem\",\"position\":2,\"name\":\"Die Arbeitsmarktampel\"}]},{\"@type\":\"WebSite\",\"@id\":\"https:\/\/dezernatzukunft.org\/#website\",\"url\":\"https:\/\/dezernatzukunft.org\/\",\"name\":\"Dezernat Zukunft\",\"description\":\"Institut f\u00fcr Makrofinanzen\",\"publisher\":{\"@id\":\"https:\/\/dezernatzukunft.org\/#organization\"},\"potentialAction\":[{\"@type\":\"SearchAction\",\"target\":{\"@type\":\"EntryPoint\",\"urlTemplate\":\"https:\/\/dezernatzukunft.org\/?s={search_term_string}\"},\"query-input\":{\"@type\":\"PropertyValueSpecification\",\"valueRequired\":true,\"valueName\":\"search_term_string\"}}],\"inLanguage\":\"en-US\"},{\"@type\":\"Organization\",\"@id\":\"https:\/\/dezernatzukunft.org\/#organization\",\"name\":\"Dezernat Zukunft\",\"url\":\"https:\/\/dezernatzukunft.org\/\",\"logo\":{\"@type\":\"ImageObject\",\"inLanguage\":\"en-US\",\"@id\":\"https:\/\/dezernatzukunft.org\/#\/schema\/logo\/image\/\",\"url\":\"https:\/\/dezernatzukunft.org\/wp-content\/uploads\/2022\/05\/Dezernat_Zukunft-01_Zeichenfla\u0308che-1.png\",\"contentUrl\":\"https:\/\/dezernatzukunft.org\/wp-content\/uploads\/2022\/05\/Dezernat_Zukunft-01_Zeichenfla\u0308che-1.png\",\"width\":966,\"height\":167,\"caption\":\"Dezernat Zukunft\"},\"image\":{\"@id\":\"https:\/\/dezernatzukunft.org\/#\/schema\/logo\/image\/\"},\"sameAs\":[\"https:\/\/x.com\/DezernatZ\"]},{\"@type\":\"Person\",\"@id\":\"https:\/\/dezernatzukunft.org\/#\/schema\/person\/59d55f110461f0db3110f5dd4d9f1962\",\"name\":\"Pola Schneemelcher\",\"url\":\"https:\/\/dezernatzukunft.org\/en\/author\/polaschneemelcher\/\"}]}<\/script>\n<!-- \/ Yoast SEO plugin. -->","yoast_head_json":{"title":"Die Arbeitsmarktampel - Dezernat Zukunft","description":"Institut f\u00fcr Makrofinanzen","robots":{"index":"index","follow":"follow","max-snippet":"max-snippet:-1","max-image-preview":"max-image-preview:large","max-video-preview":"max-video-preview:-1"},"canonical":"https:\/\/dezernatzukunft.org\/en\/die-arbeitsmarktampel\/","og_locale":"en_US","og_type":"article","og_title":"Die Arbeitsmarktampel - Dezernat Zukunft","og_description":"Institut f\u00fcr Makrofinanzen","og_url":"https:\/\/dezernatzukunft.org\/en\/die-arbeitsmarktampel\/","og_site_name":"Dezernat Zukunft","article_published_time":"2022-06-16T15:00:00+00:00","article_modified_time":"2023-06-29T09:29:02+00:00","og_image":[{"width":1600,"height":933,"url":"https:\/\/dezernatzukunft.org\/wp-content\/uploads\/2022\/06\/Beitragsbild-4.png","type":"image\/png"}],"author":"Pola Schneemelcher","twitter_card":"summary_large_image","twitter_creator":"@DezernatZ","twitter_site":"@DezernatZ","twitter_misc":{"Written by":"Pola Schneemelcher","Est. reading time":"2 minutes"},"schema":{"@context":"https:\/\/schema.org","@graph":[{"@type":"Article","@id":"https:\/\/dezernatzukunft.org\/en\/die-arbeitsmarktampel\/#article","isPartOf":{"@id":"https:\/\/dezernatzukunft.org\/en\/die-arbeitsmarktampel\/"},"author":{"name":"Pola Schneemelcher","@id":"https:\/\/dezernatzukunft.org\/#\/schema\/person\/59d55f110461f0db3110f5dd4d9f1962"},"headline":"Die Arbeitsmarktampel","datePublished":"2022-06-16T15:00:00+00:00","dateModified":"2023-06-29T09:29:02+00:00","mainEntityOfPage":{"@id":"https:\/\/dezernatzukunft.org\/en\/die-arbeitsmarktampel\/"},"wordCount":284,"publisher":{"@id":"https:\/\/dezernatzukunft.org\/#organization"},"image":{"@id":"https:\/\/dezernatzukunft.org\/en\/die-arbeitsmarktampel\/#primaryimage"},"thumbnailUrl":"https:\/\/dezernatzukunft.org\/wp-content\/uploads\/2022\/06\/Beitragsbild-4.png","keywords":["Arbeit","Fiscal Policy","Fiskalpolitik","Labour market","MK","PS","PSG","Social policy","Soziales"],"articleSection":["Papers"],"inLanguage":"en-US"},{"@type":"WebPage","@id":"https:\/\/dezernatzukunft.org\/en\/die-arbeitsmarktampel\/","url":"https:\/\/dezernatzukunft.org\/en\/die-arbeitsmarktampel\/","name":"Die Arbeitsmarktampel - Dezernat Zukunft","isPartOf":{"@id":"https:\/\/dezernatzukunft.org\/#website"},"primaryImageOfPage":{"@id":"https:\/\/dezernatzukunft.org\/en\/die-arbeitsmarktampel\/#primaryimage"},"image":{"@id":"https:\/\/dezernatzukunft.org\/en\/die-arbeitsmarktampel\/#primaryimage"},"thumbnailUrl":"https:\/\/dezernatzukunft.org\/wp-content\/uploads\/2022\/06\/Beitragsbild-4.png","datePublished":"2022-06-16T15:00:00+00:00","dateModified":"2023-06-29T09:29:02+00:00","description":"Institut f\u00fcr Makrofinanzen","breadcrumb":{"@id":"https:\/\/dezernatzukunft.org\/en\/die-arbeitsmarktampel\/#breadcrumb"},"inLanguage":"en-US","potentialAction":[{"@type":"ReadAction","target":["https:\/\/dezernatzukunft.org\/en\/die-arbeitsmarktampel\/"]}]},{"@type":"ImageObject","inLanguage":"en-US","@id":"https:\/\/dezernatzukunft.org\/en\/die-arbeitsmarktampel\/#primaryimage","url":"https:\/\/dezernatzukunft.org\/wp-content\/uploads\/2022\/06\/Beitragsbild-4.png","contentUrl":"https:\/\/dezernatzukunft.org\/wp-content\/uploads\/2022\/06\/Beitragsbild-4.png","width":1600,"height":933},{"@type":"BreadcrumbList","@id":"https:\/\/dezernatzukunft.org\/en\/die-arbeitsmarktampel\/#breadcrumb","itemListElement":[{"@type":"ListItem","position":1,"name":"Home","item":"https:\/\/dezernatzukunft.org\/en\/home_en\/"},{"@type":"ListItem","position":2,"name":"Die Arbeitsmarktampel"}]},{"@type":"WebSite","@id":"https:\/\/dezernatzukunft.org\/#website","url":"https:\/\/dezernatzukunft.org\/","name":"Dezernat Zukunft","description":"Institut f\u00fcr Makrofinanzen","publisher":{"@id":"https:\/\/dezernatzukunft.org\/#organization"},"potentialAction":[{"@type":"SearchAction","target":{"@type":"EntryPoint","urlTemplate":"https:\/\/dezernatzukunft.org\/?s={search_term_string}"},"query-input":{"@type":"PropertyValueSpecification","valueRequired":true,"valueName":"search_term_string"}}],"inLanguage":"en-US"},{"@type":"Organization","@id":"https:\/\/dezernatzukunft.org\/#organization","name":"Dezernat Zukunft","url":"https:\/\/dezernatzukunft.org\/","logo":{"@type":"ImageObject","inLanguage":"en-US","@id":"https:\/\/dezernatzukunft.org\/#\/schema\/logo\/image\/","url":"https:\/\/dezernatzukunft.org\/wp-content\/uploads\/2022\/05\/Dezernat_Zukunft-01_Zeichenfla\u0308che-1.png","contentUrl":"https:\/\/dezernatzukunft.org\/wp-content\/uploads\/2022\/05\/Dezernat_Zukunft-01_Zeichenfla\u0308che-1.png","width":966,"height":167,"caption":"Dezernat Zukunft"},"image":{"@id":"https:\/\/dezernatzukunft.org\/#\/schema\/logo\/image\/"},"sameAs":["https:\/\/x.com\/DezernatZ"]},{"@type":"Person","@id":"https:\/\/dezernatzukunft.org\/#\/schema\/person\/59d55f110461f0db3110f5dd4d9f1962","name":"Pola Schneemelcher","url":"https:\/\/dezernatzukunft.org\/en\/author\/polaschneemelcher\/"}]}},"_links":{"self":[{"href":"https:\/\/dezernatzukunft.org\/en\/wp-json\/wp\/v2\/posts\/10927","targetHints":{"allow":["GET"]}}],"collection":[{"href":"https:\/\/dezernatzukunft.org\/en\/wp-json\/wp\/v2\/posts"}],"about":[{"href":"https:\/\/dezernatzukunft.org\/en\/wp-json\/wp\/v2\/types\/post"}],"author":[{"embeddable":true,"href":"https:\/\/dezernatzukunft.org\/en\/wp-json\/wp\/v2\/users\/40"}],"replies":[{"embeddable":true,"href":"https:\/\/dezernatzukunft.org\/en\/wp-json\/wp\/v2\/comments?post=10927"}],"version-history":[{"count":1,"href":"https:\/\/dezernatzukunft.org\/en\/wp-json\/wp\/v2\/posts\/10927\/revisions"}],"predecessor-version":[{"id":10928,"href":"https:\/\/dezernatzukunft.org\/en\/wp-json\/wp\/v2\/posts\/10927\/revisions\/10928"}],"wp:featuredmedia":[{"embeddable":true,"href":"https:\/\/dezernatzukunft.org\/en\/wp-json\/wp\/v2\/media\/10858"}],"wp:attachment":[{"href":"https:\/\/dezernatzukunft.org\/en\/wp-json\/wp\/v2\/media?parent=10927"}],"wp:term":[{"taxonomy":"category","embeddable":true,"href":"https:\/\/dezernatzukunft.org\/en\/wp-json\/wp\/v2\/categories?post=10927"},{"taxonomy":"post_tag","embeddable":true,"href":"https:\/\/dezernatzukunft.org\/en\/wp-json\/wp\/v2\/tags?post=10927"}],"curies":[{"name":"wp","href":"https:\/\/api.w.org\/{rel}","templated":true}]}}